{"id":63121,"date":"2019-02-07T18:51:49","date_gmt":"2019-02-07T21:51:49","guid":{"rendered":"http:\/\/portalcatolico.net\/portal\/?p=63121"},"modified":"2019-02-07T18:51:49","modified_gmt":"2019-02-07T21:51:49","slug":"polonia-os-meios-de-comunicacao-catolicos-devem-servir-a-evangelizacao-recorda-arcebispo","status":"publish","type":"post","link":"http:\/\/portalcatolico.net\/portal\/polonia-os-meios-de-comunicacao-catolicos-devem-servir-a-evangelizacao-recorda-arcebispo\/","title":{"rendered":"Pol\u00f4nia: \u201cOs meios de comunica\u00e7\u00e3o cat\u00f3licos devem servir \u00e0 evangeliza\u00e7\u00e3o\u201d, recorda Arcebispo"},"content":{"rendered":"<p>O Arcebispo de Katowice (Pol\u00f4nia), Dom Wiktor Pawel Skworc, visitou, como o faz tradicionalmente no in\u00edcio do ano, o Instituto de Meios &#8216;Instytut GOSC&#8217;. Ap\u00f3s percorrer suas instala\u00e7\u00f5es e conversar com os jornalistas no Departamento Editorial, presidiu uma Santa Missa no local.<\/p>\n<p>Em sua homilia, o prelado refletiu sobre a tarefa dos meios de comunica\u00e7\u00e3o cat\u00f3licos e sua responsabilidade sobre a realidade atual, recordando que o principal dever dos meios de comunica\u00e7\u00e3o cat\u00f3licos \u00e9 &#8220;proclamar a verdade de que Deus amou tanto ao mundo que lhe deu o seu Filho, e que todos os que creem nEle n\u00e3o perecer\u00e3o mas ter\u00e3o a vida eterna&#8221;.<\/p>\n<p>O prelado prop\u00f4s a figura de S\u00e3o Jo\u00e3o Batista como inspira\u00e7\u00e3o aos jornalistas cat\u00f3licos, pois este Santo n\u00e3o apareceu para chamar a aten\u00e7\u00e3o sobre si mesmo, mas para indicar o caminho at\u00e9 Jesus Cristo. Esta \u00e9 uma tarefa muito dif\u00edcil, &#8220;tornar-se transparentes, de modo que somente se possa ver a Deus; para que as pessoas que nos escutem at\u00e9 o momento recorram \u00e0 Verdade que lhes comunicamos&#8221;.<\/p>\n<p>Dom Skworc explicou que diferentemente dos meios de comunica\u00e7\u00e3o seculares, os meios de comunica\u00e7\u00e3o cat\u00f3licos n\u00e3o podem querer manter a aten\u00e7\u00e3o das pessoas a todo custo, mas devem se manter fi\u00e9is \u00e0 verdade. Al\u00e9m disso, estes meios devem motivar os leitores a buscar as respostas \u00e0s perguntas realmente importantes da humanidade, que se encontram na figura de Jesus Cristo.<\/p>\n<p>Concluindo sua homilia, o Arcebispo de Katowice, destacou que o adequado testemunho dos meios de comunica\u00e7\u00e3o cat\u00f3licos tem como efeito &#8220;construir uma comunidade verdadeiramente humana, baseada na proximidade, na ternura, na compreens\u00e3o, no di\u00e1logo e no amor&#8221;. Para alcan\u00e7ar este fim, e poder transmitir a verdadeira imagem de Jesus Cristo, os comunicadores cat\u00f3licos devem ser &#8220;batizados no Esp\u00edrito Santo&#8221;.(Gaudiumpress)<\/p>\n","protected":false},"excerpt":{"rendered":"<p>O Arcebispo de Katowice (Pol\u00f4nia), Dom Wiktor Pawel Skworc, visitou, como o faz tradicionalmente no in\u00edcio do ano, o Instituto de Meios &#8216;Instytut GOSC&#8217;. Ap\u00f3s percorrer suas instala\u00e7\u00f5es e conversar com os jornalistas no Departamento Editorial, presidiu uma Santa Missa no local. Em sua homilia, o prelado refletiu sobre a tarefa dos meios de comunica\u00e7\u00e3o&nbsp;<\/p>\n<p><a class=\"btn btn-style\" href=\"http:\/\/portalcatolico.net\/portal\/polonia-os-meios-de-comunicacao-catolicos-devem-servir-a-evangelizacao-recorda-arcebispo\/\">Continue Reading<\/a><\/p>\n","protected":false},"author":2,"featured_media":63122,"comment_status":"open","ping_status":"open","sticky":false,"template":"","format":"standard","meta":{"footnotes":""},"categories":[5],"tags":[],"class_list":["post-63121","post","type-post","status-publish","format-standard","has-post-thumbnail","hentry","category-igreja_no_mundo"],"_links":{"self":[{"href":"http:\/\/portalcatolico.net\/portal\/wp-json\/wp\/v2\/posts\/63121","targetHints":{"allow":["GET"]}}],"collection":[{"href":"http:\/\/portalcatolico.net\/portal\/wp-json\/wp\/v2\/posts"}],"about":[{"href":"http:\/\/portalcatolico.net\/portal\/wp-json\/wp\/v2\/types\/post"}],"author":[{"embeddable":true,"href":"http:\/\/portalcatolico.net\/portal\/wp-json\/wp\/v2\/users\/2"}],"replies":[{"embeddable":true,"href":"http:\/\/portalcatolico.net\/portal\/wp-json\/wp\/v2\/comments?post=63121"}],"version-history":[{"count":1,"href":"http:\/\/portalcatolico.net\/portal\/wp-json\/wp\/v2\/posts\/63121\/revisions"}],"predecessor-version":[{"id":63123,"href":"http:\/\/portalcatolico.net\/portal\/wp-json\/wp\/v2\/posts\/63121\/revisions\/63123"}],"wp:featuredmedia":[{"embeddable":true,"href":"http:\/\/portalcatolico.net\/portal\/wp-json\/wp\/v2\/media\/63122"}],"wp:attachment":[{"href":"http:\/\/portalcatolico.net\/portal\/wp-json\/wp\/v2\/media?parent=63121"}],"wp:term":[{"taxonomy":"category","embeddable":true,"href":"http:\/\/portalcatolico.net\/portal\/wp-json\/wp\/v2\/categories?post=63121"},{"taxonomy":"post_tag","embeddable":true,"href":"http:\/\/portalcatolico.net\/portal\/wp-json\/wp\/v2\/tags?post=63121"}],"curies":[{"name":"wp","href":"https:\/\/api.w.org\/{rel}","templated":true}]}}