{"id":62534,"date":"2018-11-05T20:45:08","date_gmt":"2018-11-05T23:45:08","guid":{"rendered":"http:\/\/portalcatolico.net\/portal\/?p=62534"},"modified":"2018-12-18T20:46:06","modified_gmt":"2018-12-18T23:46:06","slug":"frederico-mastroangelo-e-reeleito-presidente-do-conselho-estadual-da-rcc-bahia","status":"publish","type":"post","link":"http:\/\/portalcatolico.net\/portal\/frederico-mastroangelo-e-reeleito-presidente-do-conselho-estadual-da-rcc-bahia\/","title":{"rendered":"Frederico Mastroangelo \u00e9 reeleito Presidente do Conselho Estadual da RCC Bahia"},"content":{"rendered":"<div>O Conselho Estadual da RCC Bahia est\u00e1 neste fim de semana reunido no Convento Dom Amando em Salvador, para realizar a Assembleia Eletiva. Nesta tarde (02 de novembro), foi reeleito Frederico Mastroangelo Sim\u00f5es Marques como o coordenador da Renova\u00e7\u00e3o Carism\u00e1tica Cat\u00f3lica do Estado da Bahia para o bi\u00eanio de 2019 a 2020. A Assembleia foi presidida pela coordenadora estadual do estado de Pernambuco, Maria Jos\u00e9 da Silva (Zez\u00e9), enviada como representante do Conselho Nacional da RCCBRASIL.&nbsp;<\/div>\n<div>&nbsp;<\/div>\n<div>Zez\u00e9 refletiu na prega\u00e7\u00e3o&nbsp;<i>Perene Pentecostes<\/i>&nbsp;sobre as mo\u00e7\u00f5es escritas no livro VEDE COMO ELES SE AMAM, suscitado e inspirado pelo Senhor \u00e0 presidente do Conselho Nacional da RCCBRASIL, Katia Roldi Zavaris, durante o retiro do Conselho na Terra Santa, num momento de escuta prof\u00e9tica da vontade de Deus para este tempo jubilar.&nbsp;&nbsp;<\/div>\n<div>&nbsp;<\/div>\n<div>Em Jo\u00e3o 15, 15-16, Zez\u00e9 falou sobre o chamado do servo l\u00edder: \u201cfomos n\u00e3o somente escolhidos, mas constitu\u00eddos em autoridade, para realizar uma miss\u00e3o que Ele nos confiou neste tempo. Nos chamou, nos constituiu e nos envia para produzir frutos, e frutos que permane\u00e7am. O fruto que precisamos conservar \u00e9 a chama de Pentecostes acesa. Ela n\u00e3o pode se apagar. Voc\u00ea \u00e9 guardi\u00e3o da chama de Pentecostes, que deve ser perene neste mundo\u201d, frisou.<\/div>\n<div>&nbsp;<\/div>\n<div>Em Mateus 25, 1-13, Zez\u00e9 refletiu com o Conselho que \u00e9 preciso vigiar: \u201cvigiar sobre a nossa vida, nossa conduta enquanto eleitos, enquanto constitu\u00eddos por Ele em autoridade. Vigiai o relacionamento com Ele e tamb\u00e9m com os irm\u00e3os. \u00c9 necess\u00e1rio estarmos unidos, pois Pentecostes \u00e9 testemunho de unidade e n\u00e3o de divis\u00e3o. Como estamos nos portando diante daquilo que o Senhor nos confiou? Vigiai, para que n\u00e3o falte o \u00f3leo e nem a un\u00e7\u00e3o. \u201cSejam mais carism\u00e1ticos\u201d, destacou.&nbsp;&nbsp;<\/div>\n<div>O pleito foi realizado no in\u00edcio da tarde e seguiu os direcionamentos do Estatuto da RCC Bahia, para realizar o processo de vota\u00e7\u00e3o. Foi feito um discernimento de quatro nomes sugeridos pelos coordenadores diocesanos ali presentes e ap\u00f3s o discernimento foi realizado o processo de vota\u00e7\u00e3o; e por maioria dos votos,&nbsp;<b>Frederico Mastroangelo Sim\u00f5es Marques<\/b>&nbsp;(Arquidiocese de Feira de Santana)&nbsp;<b>foi reeleito<\/b><b>Presidente do Conselho Estadual da RCC Bahia<\/b>&nbsp;para o pr\u00f3ximo bi\u00eanio. Fred apresentou&nbsp;<b>Jo\u00e3o Lucas<\/b>&nbsp;como&nbsp;<b>Secret\u00e1rio Geral<\/b>&nbsp;e&nbsp;<b>Fernando Filho<\/b>&nbsp;como&nbsp;<b>Tesoureiro<\/b>, sendo aprovado pelos coordenadores. Para o Conselho Fiscal, foram indicados pelos membros do Conselho: Amistron Lira, Helber Clayton e Alexsandro Nonato como membros titulares e Ayrane Santos e Taciano Nascimento como membros suplentes.<\/div>\n<div>&nbsp;<\/div>\n<div>Ap\u00f3s a elei\u00e7\u00e3o, Fred falou ao Conselho: \u201cQuero agradecer a Deus por todos aqueles que estiveram comigo ao longo desses dois anos, em tempo que pe\u00e7o \u00e0 Ele que todas as decis\u00f5es para este novo bi\u00eanio sejam tomadas conforme o Seu cora\u00e7\u00e3o\u201d.&nbsp;<\/div>\n<div>&nbsp;<\/div>\n<div>A Assembleia Eletiva foi marcada por momentos de ora\u00e7\u00e3o, escuta e profunda intercess\u00e3o pelos coordenadores estaduais de minist\u00e9rios, comiss\u00f5es, membros do Conselho Estadual, mantendo assim, a unidade entre todos da Equipe Estadual.&nbsp;<\/div>\n<div>&nbsp;<\/div>\n<div class=\"separator\"><a href=\"https:\/\/4.bp.blogspot.com\/-e2bH1qTm-aM\/W9yuMtPtmDI\/AAAAAAAAjHk\/QU34pPWXEtsMiYRQypc5hkLVtwRkL3D5wCEwYBhgL\/s1600\/Conselho%2BEstadual.jpeg\"><img loading=\"lazy\" decoding=\"async\" class=\"aligncenter\" src=\"https:\/\/4.bp.blogspot.com\/-e2bH1qTm-aM\/W9yuMtPtmDI\/AAAAAAAAjHk\/QU34pPWXEtsMiYRQypc5hkLVtwRkL3D5wCEwYBhgL\/s640\/Conselho%2BEstadual.jpeg\" width=\"640\" height=\"360\" border=\"0\" data-original-height=\"720\" data-original-width=\"1280\"><\/a><\/div>\n<div>Por:Jardel Menezes<\/div>\n<div>&nbsp;<\/div>\n<div>Fonte:RCCBAHIA<\/div>\n","protected":false},"excerpt":{"rendered":"<p>O Conselho Estadual da RCC Bahia est\u00e1 neste fim de semana reunido no Convento Dom Amando em Salvador, para realizar a Assembleia Eletiva. Nesta tarde (02 de novembro), foi reeleito Frederico Mastroangelo Sim\u00f5es Marques como o coordenador da Renova\u00e7\u00e3o Carism\u00e1tica Cat\u00f3lica do Estado da Bahia para o bi\u00eanio de 2019 a 2020. A Assembleia foi&nbsp;<\/p>\n<p><a class=\"btn btn-style\" href=\"http:\/\/portalcatolico.net\/portal\/frederico-mastroangelo-e-reeleito-presidente-do-conselho-estadual-da-rcc-bahia\/\">Continue Reading<\/a><\/p>\n","protected":false},"author":2,"featured_media":62535,"comment_status":"open","ping_status":"open","sticky":false,"template":"","format":"standard","meta":{"footnotes":""},"categories":[3],"tags":[],"class_list":["post-62534","post","type-post","status-publish","format-standard","has-post-thumbnail","hentry","category-noticias_regionais"],"_links":{"self":[{"href":"http:\/\/portalcatolico.net\/portal\/wp-json\/wp\/v2\/posts\/62534","targetHints":{"allow":["GET"]}}],"collection":[{"href":"http:\/\/portalcatolico.net\/portal\/wp-json\/wp\/v2\/posts"}],"about":[{"href":"http:\/\/portalcatolico.net\/portal\/wp-json\/wp\/v2\/types\/post"}],"author":[{"embeddable":true,"href":"http:\/\/portalcatolico.net\/portal\/wp-json\/wp\/v2\/users\/2"}],"replies":[{"embeddable":true,"href":"http:\/\/portalcatolico.net\/portal\/wp-json\/wp\/v2\/comments?post=62534"}],"version-history":[{"count":1,"href":"http:\/\/portalcatolico.net\/portal\/wp-json\/wp\/v2\/posts\/62534\/revisions"}],"predecessor-version":[{"id":62536,"href":"http:\/\/portalcatolico.net\/portal\/wp-json\/wp\/v2\/posts\/62534\/revisions\/62536"}],"wp:featuredmedia":[{"embeddable":true,"href":"http:\/\/portalcatolico.net\/portal\/wp-json\/wp\/v2\/media\/62535"}],"wp:attachment":[{"href":"http:\/\/portalcatolico.net\/portal\/wp-json\/wp\/v2\/media?parent=62534"}],"wp:term":[{"taxonomy":"category","embeddable":true,"href":"http:\/\/portalcatolico.net\/portal\/wp-json\/wp\/v2\/categories?post=62534"},{"taxonomy":"post_tag","embeddable":true,"href":"http:\/\/portalcatolico.net\/portal\/wp-json\/wp\/v2\/tags?post=62534"}],"curies":[{"name":"wp","href":"https:\/\/api.w.org\/{rel}","templated":true}]}}