{"id":62383,"date":"2018-12-08T14:08:33","date_gmt":"2018-12-08T17:08:33","guid":{"rendered":"http:\/\/portalcatolico.net\/portal\/?p=62383"},"modified":"2018-12-08T14:16:25","modified_gmt":"2018-12-08T17:16:25","slug":"novenario-em-honra-a-nossa-senhora-da-conceicao-continua-em-itabuna","status":"publish","type":"post","link":"http:\/\/portalcatolico.net\/portal\/novenario-em-honra-a-nossa-senhora-da-conceicao-continua-em-itabuna\/","title":{"rendered":"Noven\u00e1rio  em honra \u00e0 Nossa Senhora da Concei\u00e7\u00e3o continua em Itabuna"},"content":{"rendered":"<p>Nesta&nbsp;sexta-feira dia (07), v\u00e9spera&nbsp;do grande dia festivo em homenagem \u00e0 Nossa Senhora Imaculada Concei\u00e7\u00e3o, aconteceram v\u00e1rias homenagens \u00e0 santa, na \u00faltima noite do Noven\u00e1rio.<\/p>\n<p>Ao todo, foram nove noites com uma programa\u00e7\u00e3o especial. Teve ora\u00e7\u00e3o do&nbsp;ter\u00e7o, quermesse, missa com as crian\u00e7as, missa para os devotos e prociss\u00e3o. O Noven\u00e1rio&nbsp;aconteceu na Igreja Matriz, localizada na pra\u00e7a dos Capuchinhos, no&nbsp;&nbsp;bairro do Concei\u00e7\u00e3o, em Itabuna (BA).<\/p>\n<p>O tema central do Noven\u00e1rio para este ano foi: &#8220;Bem-Aventurada Virgem&nbsp;Maria, mostra-nos o caminho da santidade&#8221;.<br \/>\nOs respons\u00e1veis pela noite foram: Comunidade dos bairros S\u00e3o Pedro, Vila&nbsp;Zara e S\u00e3o Judas Tadeu.<\/p>\n<p>As convidadas da noite foram as mulheres que sem chamam&nbsp;Maria.<br \/>\nA santa missa foi presidida pelo bispo diocesano Dom Carlo Alberto dos Santos e concelebrada pelo Adriano Fernandes, al\u00e9m dos seminaristas.<\/p>\n<p>O Sub-tema da \u00faltima noite do Noven\u00e1rio foi : &#8220;A vontade&nbsp; de Deus \u00e9 que sejais&nbsp;<br \/>\nsantos&#8221; (1Ts 4,3).<br \/>\nNa oportunidade,&nbsp;&nbsp;Dom Carlos disse: &#8220;Para quem ama a m\u00e3e e d\u00e1 a vida, tem que e&nbsp;fazer&nbsp; tudo o que ela vos disser&#8221;.<\/p>\n<p>Ao final da santa missa, o p\u00e1roco da&nbsp;Igreja Nossa Senhora da Concei\u00e7\u00e3o, Pe. Adriano, agradeceu aos&nbsp;paroquianos de outros par\u00f3quias&nbsp;que estavam prestigiando o Noven\u00e1rio&nbsp; e&nbsp;&nbsp;os convidou para participar da festa da santa que&nbsp;neste s\u00e1bado.<\/p>\n<p>O ponto alto da&nbsp;festa&nbsp; \u00e9 a missa solene, \u00e0s 18h e em seguida, tem a prociss\u00e3o, com&nbsp;concentra\u00e7\u00e3o, \u00e0s 19h. Os fieis sair\u00e3o em prociss\u00e3o pelas principais ruas&nbsp;bairro, conduzindo a imagem de Nossa Senhora da Concei\u00e7\u00e3o. Em seguida, tem a b\u00ean\u00e7\u00e3o do Sant\u00edssimo Sacramento.<br \/>\nParticipe!<\/p>\n<p>Veja as fotos <a href=\"https:\/\/www.facebook.com\/portalcatolicooficial\/\">CLICANDO AQUI<\/a><\/p>\n","protected":false},"excerpt":{"rendered":"<p>Nesta&nbsp;sexta-feira dia (07), v\u00e9spera&nbsp;do grande dia festivo em homenagem \u00e0 Nossa Senhora Imaculada Concei\u00e7\u00e3o, aconteceram v\u00e1rias homenagens \u00e0 santa, na \u00faltima noite do Noven\u00e1rio. Ao todo, foram nove noites com uma programa\u00e7\u00e3o especial. Teve ora\u00e7\u00e3o do&nbsp;ter\u00e7o, quermesse, missa com as crian\u00e7as, missa para os devotos e prociss\u00e3o. O Noven\u00e1rio&nbsp;aconteceu na Igreja Matriz, localizada na pra\u00e7a&nbsp;<\/p>\n<p><a class=\"btn btn-style\" href=\"http:\/\/portalcatolico.net\/portal\/novenario-em-honra-a-nossa-senhora-da-conceicao-continua-em-itabuna\/\">Continue Reading<\/a><\/p>\n","protected":false},"author":2,"featured_media":62384,"comment_status":"open","ping_status":"open","sticky":false,"template":"","format":"standard","meta":{"footnotes":""},"categories":[68],"tags":[],"class_list":["post-62383","post","type-post","status-publish","format-standard","has-post-thumbnail","hentry","category-homilias"],"_links":{"self":[{"href":"http:\/\/portalcatolico.net\/portal\/wp-json\/wp\/v2\/posts\/62383","targetHints":{"allow":["GET"]}}],"collection":[{"href":"http:\/\/portalcatolico.net\/portal\/wp-json\/wp\/v2\/posts"}],"about":[{"href":"http:\/\/portalcatolico.net\/portal\/wp-json\/wp\/v2\/types\/post"}],"author":[{"embeddable":true,"href":"http:\/\/portalcatolico.net\/portal\/wp-json\/wp\/v2\/users\/2"}],"replies":[{"embeddable":true,"href":"http:\/\/portalcatolico.net\/portal\/wp-json\/wp\/v2\/comments?post=62383"}],"version-history":[{"count":3,"href":"http:\/\/portalcatolico.net\/portal\/wp-json\/wp\/v2\/posts\/62383\/revisions"}],"predecessor-version":[{"id":62387,"href":"http:\/\/portalcatolico.net\/portal\/wp-json\/wp\/v2\/posts\/62383\/revisions\/62387"}],"wp:featuredmedia":[{"embeddable":true,"href":"http:\/\/portalcatolico.net\/portal\/wp-json\/wp\/v2\/media\/62384"}],"wp:attachment":[{"href":"http:\/\/portalcatolico.net\/portal\/wp-json\/wp\/v2\/media?parent=62383"}],"wp:term":[{"taxonomy":"category","embeddable":true,"href":"http:\/\/portalcatolico.net\/portal\/wp-json\/wp\/v2\/categories?post=62383"},{"taxonomy":"post_tag","embeddable":true,"href":"http:\/\/portalcatolico.net\/portal\/wp-json\/wp\/v2\/tags?post=62383"}],"curies":[{"name":"wp","href":"https:\/\/api.w.org\/{rel}","templated":true}]}}