{"id":62378,"date":"2018-12-08T08:58:01","date_gmt":"2018-12-08T11:58:01","guid":{"rendered":"http:\/\/portalcatolico.net\/portal\/?p=62378"},"modified":"2018-12-08T09:00:34","modified_gmt":"2018-12-08T12:00:34","slug":"15-anos-da-paroquia-nossa-senhora-de-guadalupe","status":"publish","type":"post","link":"http:\/\/portalcatolico.net\/portal\/15-anos-da-paroquia-nossa-senhora-de-guadalupe\/","title":{"rendered":"Ilh\u00e9us-15 Anos da Par\u00f3quia Nossa Senhora de Guadalupe"},"content":{"rendered":"<p><strong>HIST\u00d3RIA DA PAR\u00d3QUIA<\/strong> \u2013 A Comunidade Nossa Senhora de Guadalupe, localizada no Bairro Alto da Boa Vista, antigo Pacheco, Zonal Centro Sul da Diocese de Ilh\u00e9us na Cidade de Ilh\u00e9us, come\u00e7ou as suas atividades no ano de 1981, quando ainda era Bispo o nosso Saudoso e querido Dom Frei Valfredo Bernardo Tepe. O Bispo tinha tanto carinho por esta Comunidade que durante 12 anos contribuiu para estabelecer evangeliza\u00e7\u00e3o no Bairro que na \u00e9poca tinha o nome de Alto do Pacheco, juntamente com o Padre Alberto Krushevisk no per\u00edodo de 1981 \u00e0 1993.&nbsp;<\/p>\n<p>Os encontros para a Celebra\u00e7\u00e3o Eucar\u00edstica, normalmente eram realizados na casa de uma fam\u00edlia muito Cat\u00f3lica e que tinha juntamente com o Bispo e o Padre, o sonho de se construir uma Igreja no Bairro. A Fam\u00edlia de Tia Berta, como era conhecida, contribuiu muito para a realiza\u00e7\u00e3o deste sonho.<\/p>\n<p>Os outros Padres que atuaram antes de ser Par\u00f3quia foram os seguintes: <strong>Padre Ben\u00e9<\/strong> &#8211; 1993 \u00e0 1995; <strong>Padre Evandro<\/strong> &#8211; 1995 \u00e0 1996; <strong>Padre Am\u00e1rio<\/strong> &#8211; 1996 \u00e0 1997; <strong>Padre Adauto<\/strong> &#8211; 1997 \u00e0 1998; <strong>Padre Gilberto Ant\u00f4nio dos Reis<\/strong> &#8211; <em>Padre Gil<\/em> &#8211; 1998 \u00e0 2000; <strong>Padre Xavier <\/strong>&#8211; 2001 a 2003. Hoje os Limites Geogr\u00e1ficos da Par\u00f3quia Nossa Senhora de Guadalupe, s\u00e3o os seguintes: <strong>ao Norte<\/strong> \u2013 Par\u00f3quia Santa Rita de C\u00e1ssia, Conquista; <strong>ao Sul<\/strong> \u2013 Par\u00f3quia S\u00e3o Jorge, Centro; <strong>ao Oeste<\/strong> \u2013Par\u00f3quia Nossa Senhora Aparecida, Malhado; <strong>e ao Leste<\/strong> \u2013 Oceano Atl\u00e2ntico.<\/p>\n<p>J\u00e1 em 2001, na Condi\u00e7\u00e3o de<strong> Quase-Par\u00f3quia<\/strong>, veio prestar os seus servi\u00e7os nesta Comunidade, o <strong>Padre Xavier<\/strong> que ficou at\u00e9 o ano de 2003, A Quase-Par\u00f3quia, tinha um terreno vasto para atuar, inclusive tendo as Comunidades Nossa Senhora das Vit\u00f3rias, do Hospital S\u00e3o Jos\u00e9, Capela da Piedade (Alto Teres\u00f3polis) e S\u00e3o Tiago (Alto da Tapera Velha); hoje, elas n\u00e3o pertencem mais a esta Par\u00f3quia, mas temos a alegria de contar com a Comunidade Nossa Senhora de F\u00e1tima aqui mesmo no alto da Boa Vista, pois mesmo estando na Parte da Cidade Nova, toda aquela \u00e1rea do lado esquerdo da pista de quem vai do Centro para o Malhado, segundo a Prefeitura de Ilh\u00e9us, pertence ao Bairro.<\/p>\n<p>Finalmente, chegou o Grande dia da <strong>Cria\u00e7\u00e3o da Par\u00f3quia Nossa Senhora de Guadalupe<\/strong>, quando o <strong>Bispo Dom Mauro Montagnoli<\/strong>, juntamente com o <strong>Padre<\/strong> da \u00e9poca, <strong>Edvaldo Oliveira<\/strong>, conclu\u00edram o <strong>ato de Ere\u00e7\u00e3o a Par\u00f3quia<\/strong>, que foi no dia <strong>16 de dezembro de 2003<\/strong>, aquela ter\u00e7a-feira \u00e0 noite foi um dia de Festa e muita Alegria para o Padre, o Bispo e principalmente todos os Fi\u00e9is, que ali estiveram presentes, naquele momento t\u00e3o marcante e hist\u00f3rico, acreditamos que provavelmente na Igreja n\u00e3o coube a grande quantidade de pessoas que compareceram naquela grande Festa de F\u00e9, pois compareceram Fi\u00e9is e Padres da nossa Diocese, especialmente das Par\u00f3quias dos Zonais Centro Norte e Centro Sul.<\/p>\n<p>A partir da\u00ed, tivemos a presen\u00e7a de v\u00e1rios outros Padres que fizeram parte destes 15 anos de Evangeliza\u00e7\u00e3o, foram eles: <strong>O Padre Edvaldo Oliveira<\/strong> &#8211; 2003 a 2005; <strong>Padre Juarez<\/strong> &#8211; 2005 a 2007; <strong>Padre Gilberto Ant\u00f4nio dos Reis (Padre Gil)<\/strong> -2007 \u2013 2014, at\u00e9 chegarmos ao nosso P\u00e1roco atual o <strong>Padre Jo\u00e3o Boaventura Oiticica<\/strong> que tomou posse no dia 14 de janeiro de 2014.<\/p>\n<p>Queremos aqui lembrar tamb\u00e9m a participa\u00e7\u00e3o de todos os Fi\u00e9is que de forma direta ou indireta, que colaboraram na Constru\u00e7\u00e3o desta Igreja, dentre eles destacamos Vicente (Mestre de Obras) e Natival (fot\u00f3grafo) que batalharam muito para que hoje estiv\u00e9ssemos com uma Igreja muito linda. N\u00e3o podemos esquecer tamb\u00e9m dos Catequistas que estiveram aqui com nossas Crian\u00e7as.<\/p>\n<p>Portanto, exatamente neste <strong>domingo dia 16 de dezembro<\/strong>, estamos ent\u00e3o completando e comemorando <strong>15 anos de Atua\u00e7\u00e3o<\/strong> Evangelizadora no Alto da Boa Vista em Ilh\u00e9us, sobe os olhos e a Prote\u00e7\u00e3o da Padroeira e Imperatriz da Am\u00e9rica Latina, e a Intercess\u00e3o do <strong>\u00cdndio San Juan Diego<\/strong> <strong><em>(Canonizado no dia 31 de julho de 2002 pelo ent\u00e3o Papa S\u00e3o Jo\u00e3o Paulo II)<\/em><\/strong>, o Anunciador da Virgem Sant\u00edssima, que aqui recebe o T\u00edtulo de Nossa Senhora de Guadalupe.&nbsp;<\/p>\n<p><strong>Informa\u00e7\u00f5es:<\/strong> C\u00faria Diocesana, <strong>Dom Mauro Montagnoli<\/strong>, Site da Diocese de Ilh\u00e9us (<a href=\"http:\/\/www.diocesedeilheusba.com.br\">http:\/\/www.diocesedeilheusba.com.br<\/a>) e Fi\u00e9is da Igreja Matriz no Alto da Boa Vista.<\/p>\n<p><strong>Cria\u00e7\u00e3o e Edi\u00e7\u00e3o do Texto<\/strong>: Paulo Costa<\/p>\n","protected":false},"excerpt":{"rendered":"<p>HIST\u00d3RIA DA PAR\u00d3QUIA \u2013 A Comunidade Nossa Senhora de Guadalupe, localizada no Bairro Alto da Boa Vista, antigo Pacheco, Zonal Centro Sul da Diocese de Ilh\u00e9us na Cidade de Ilh\u00e9us, come\u00e7ou as suas atividades no ano de 1981, quando ainda era Bispo o nosso Saudoso e querido Dom Frei Valfredo Bernardo Tepe. O Bispo tinha&nbsp;<\/p>\n<p><a class=\"btn btn-style\" href=\"http:\/\/portalcatolico.net\/portal\/15-anos-da-paroquia-nossa-senhora-de-guadalupe\/\">Continue Reading<\/a><\/p>\n","protected":false},"author":2,"featured_media":62379,"comment_status":"open","ping_status":"open","sticky":false,"template":"","format":"standard","meta":{"footnotes":""},"categories":[69],"tags":[],"class_list":["post-62378","post","type-post","status-publish","format-standard","has-post-thumbnail","hentry","category-artigos"],"_links":{"self":[{"href":"http:\/\/portalcatolico.net\/portal\/wp-json\/wp\/v2\/posts\/62378","targetHints":{"allow":["GET"]}}],"collection":[{"href":"http:\/\/portalcatolico.net\/portal\/wp-json\/wp\/v2\/posts"}],"about":[{"href":"http:\/\/portalcatolico.net\/portal\/wp-json\/wp\/v2\/types\/post"}],"author":[{"embeddable":true,"href":"http:\/\/portalcatolico.net\/portal\/wp-json\/wp\/v2\/users\/2"}],"replies":[{"embeddable":true,"href":"http:\/\/portalcatolico.net\/portal\/wp-json\/wp\/v2\/comments?post=62378"}],"version-history":[{"count":3,"href":"http:\/\/portalcatolico.net\/portal\/wp-json\/wp\/v2\/posts\/62378\/revisions"}],"predecessor-version":[{"id":62382,"href":"http:\/\/portalcatolico.net\/portal\/wp-json\/wp\/v2\/posts\/62378\/revisions\/62382"}],"wp:featuredmedia":[{"embeddable":true,"href":"http:\/\/portalcatolico.net\/portal\/wp-json\/wp\/v2\/media\/62379"}],"wp:attachment":[{"href":"http:\/\/portalcatolico.net\/portal\/wp-json\/wp\/v2\/media?parent=62378"}],"wp:term":[{"taxonomy":"category","embeddable":true,"href":"http:\/\/portalcatolico.net\/portal\/wp-json\/wp\/v2\/categories?post=62378"},{"taxonomy":"post_tag","embeddable":true,"href":"http:\/\/portalcatolico.net\/portal\/wp-json\/wp\/v2\/tags?post=62378"}],"curies":[{"name":"wp","href":"https:\/\/api.w.org\/{rel}","templated":true}]}}