{"id":62371,"date":"2018-12-08T00:54:45","date_gmt":"2018-12-08T03:54:45","guid":{"rendered":"http:\/\/portalcatolico.net\/portal\/?p=62371"},"modified":"2018-12-07T21:55:10","modified_gmt":"2018-12-08T00:55:10","slug":"triduo-em-preparacao-a-festa-de-nossa-senhora-de-guadalupe-em-itabuna","status":"publish","type":"post","link":"http:\/\/portalcatolico.net\/portal\/triduo-em-preparacao-a-festa-de-nossa-senhora-de-guadalupe-em-itabuna\/","title":{"rendered":"Tr\u00edduo  em prepara\u00e7\u00e3o \u00e0 festa de Nossa Senhora de Guadalupe em Itabuna"},"content":{"rendered":"<p><span lang=\"PT\"><span style=\"font-size: medium;\">A Comunidade de Nossa Senhora de Guadalupe convida todos os irm\u00e3os e irm\u00e3s para participar da festa em honra \u00e0 Nossa Senhora de Guadalupe.<\/span><\/span><\/p>\n<p><span lang=\"PT\"><span style=\"font-size: medium;\">O tr\u00edduo tem in\u00edcio no dia 9 e segue at\u00e9 o dia 12 de dezembro (Quarta-feira).<\/span><\/span><\/p>\n<p><span lang=\"PT\"><span style=\"font-size: medium;\">&nbsp;<\/span><span style=\"font-size: medium;\">Vale ressaltar que a Comunidade de Nossa Senhora de Guadalupe comp\u00f5e a Par\u00f3quia Nossa Senhora Aparecida do bairro Calif\u00f3rnia em Itabuna (BA).<\/span><\/span><\/p>\n<p><span lang=\"PT\"><span style=\"font-size: medium;\">A capela da santa fica situada no bairro Parque Boa Vista.<br \/>\n<\/span><span style=\"font-size: medium;\">Confira o tema central e subtemas da Festa na programa\u00e7\u00e3o completa no&nbsp;<br \/>\ncartaz a seguir.<\/span><\/span><\/p>\n<p><img loading=\"lazy\" decoding=\"async\" class=\"wp-image-62372 aligncenter\" src=\"http:\/\/portalcatolico.net\/portal\/wp-content\/uploads\/2018\/12\/47386454_2201874573190700_391291234565488640_n-300x169.jpg\" alt=\"\" width=\"742\" height=\"418\" srcset=\"http:\/\/portalcatolico.net\/portal\/wp-content\/uploads\/2018\/12\/47386454_2201874573190700_391291234565488640_n-300x169.jpg 300w, http:\/\/portalcatolico.net\/portal\/wp-content\/uploads\/2018\/12\/47386454_2201874573190700_391291234565488640_n-768x432.jpg 768w, http:\/\/portalcatolico.net\/portal\/wp-content\/uploads\/2018\/12\/47386454_2201874573190700_391291234565488640_n.jpg 960w\" sizes=\"auto, (max-width: 742px) 100vw, 742px\" \/><\/p>\n","protected":false},"excerpt":{"rendered":"<p>A Comunidade de Nossa Senhora de Guadalupe convida todos os irm\u00e3os e irm\u00e3s para participar da festa em honra \u00e0 Nossa Senhora de Guadalupe. O tr\u00edduo tem in\u00edcio no dia 9 e segue at\u00e9 o dia 12 de dezembro (Quarta-feira). &nbsp;Vale ressaltar que a Comunidade de Nossa Senhora de Guadalupe comp\u00f5e a Par\u00f3quia Nossa Senhora&nbsp;<\/p>\n<p><a class=\"btn btn-style\" href=\"http:\/\/portalcatolico.net\/portal\/triduo-em-preparacao-a-festa-de-nossa-senhora-de-guadalupe-em-itabuna\/\">Continue Reading<\/a><\/p>\n","protected":false},"author":2,"featured_media":62373,"comment_status":"open","ping_status":"open","sticky":false,"template":"","format":"standard","meta":{"footnotes":""},"categories":[1],"tags":[],"class_list":["post-62371","post","type-post","status-publish","format-standard","has-post-thumbnail","hentry","category-agenda"],"_links":{"self":[{"href":"http:\/\/portalcatolico.net\/portal\/wp-json\/wp\/v2\/posts\/62371","targetHints":{"allow":["GET"]}}],"collection":[{"href":"http:\/\/portalcatolico.net\/portal\/wp-json\/wp\/v2\/posts"}],"about":[{"href":"http:\/\/portalcatolico.net\/portal\/wp-json\/wp\/v2\/types\/post"}],"author":[{"embeddable":true,"href":"http:\/\/portalcatolico.net\/portal\/wp-json\/wp\/v2\/users\/2"}],"replies":[{"embeddable":true,"href":"http:\/\/portalcatolico.net\/portal\/wp-json\/wp\/v2\/comments?post=62371"}],"version-history":[{"count":1,"href":"http:\/\/portalcatolico.net\/portal\/wp-json\/wp\/v2\/posts\/62371\/revisions"}],"predecessor-version":[{"id":62374,"href":"http:\/\/portalcatolico.net\/portal\/wp-json\/wp\/v2\/posts\/62371\/revisions\/62374"}],"wp:featuredmedia":[{"embeddable":true,"href":"http:\/\/portalcatolico.net\/portal\/wp-json\/wp\/v2\/media\/62373"}],"wp:attachment":[{"href":"http:\/\/portalcatolico.net\/portal\/wp-json\/wp\/v2\/media?parent=62371"}],"wp:term":[{"taxonomy":"category","embeddable":true,"href":"http:\/\/portalcatolico.net\/portal\/wp-json\/wp\/v2\/categories?post=62371"},{"taxonomy":"post_tag","embeddable":true,"href":"http:\/\/portalcatolico.net\/portal\/wp-json\/wp\/v2\/tags?post=62371"}],"curies":[{"name":"wp","href":"https:\/\/api.w.org\/{rel}","templated":true}]}}