{"id":62367,"date":"2018-12-07T21:49:43","date_gmt":"2018-12-08T00:49:43","guid":{"rendered":"http:\/\/portalcatolico.net\/portal\/?p=62367"},"modified":"2018-12-07T21:50:02","modified_gmt":"2018-12-08T00:50:02","slug":"paroquia-em-itabuna-realiza-triduo-em-homenagem-a-nossa-senhora-da-imaculada-conceicao","status":"publish","type":"post","link":"http:\/\/portalcatolico.net\/portal\/paroquia-em-itabuna-realiza-triduo-em-homenagem-a-nossa-senhora-da-imaculada-conceicao\/","title":{"rendered":"Par\u00f3quia em Itabuna realiza Tr\u00edduo em homenagem \u00e0 Nossa Senhora  da Imaculada Concei\u00e7\u00e3o"},"content":{"rendered":"<p><span lang=\"PT\"><span style=\"font-size: medium;\">A Par\u00f3quia&nbsp;Santa Rita de C\u00e1ssia, que situada no bairro S\u00e3o Caetano em&nbsp;<\/span><span style=\"font-size: medium;\">Itabuna (BA), deu in\u00edcio ao Tr\u00edduo em prepara\u00e7\u00e3o \u00e0 festa de Nossa Senhora&nbsp;da Imaculada Concei\u00e7\u00e3o.&nbsp;<br \/>\nOs preparativos para a festa acontecer\u00e3o nos dias 5, 6, 7 de dezembro. E no dia 8,&nbsp;acontece a solenidade e festa em honra \u00e0 Nossa Senhora.<\/span><\/span><\/p>\n<p><span lang=\"PT\"><span style=\"font-size: medium;\">A santa missa&nbsp; ocorre&nbsp; sempre \u00e0s 19h, na igreja matriz de Santa Rita de C\u00e1ssia.<\/span><\/span><\/p>\n<p><span lang=\"PT\"><span style=\"font-size: medium;\">\u00c1s 18h, os legion\u00e1rios, pastorais, paroquianos e visitantes, rezam o Ter\u00e7o Luminoso, no estacionamento da igreja matriz.&nbsp;<br \/>\n<\/span><span style=\"font-size: medium;\">Participe!<\/span><\/span><\/p>\n","protected":false},"excerpt":{"rendered":"<p>A Par\u00f3quia&nbsp;Santa Rita de C\u00e1ssia, que situada no bairro S\u00e3o Caetano em&nbsp;Itabuna (BA), deu in\u00edcio ao Tr\u00edduo em prepara\u00e7\u00e3o \u00e0 festa de Nossa Senhora&nbsp;da Imaculada Concei\u00e7\u00e3o.&nbsp; Os preparativos para a festa acontecer\u00e3o nos dias 5, 6, 7 de dezembro. E no dia 8,&nbsp;acontece a solenidade e festa em honra \u00e0 Nossa Senhora. A santa missa&nbsp;&nbsp;<\/p>\n<p><a class=\"btn btn-style\" href=\"http:\/\/portalcatolico.net\/portal\/paroquia-em-itabuna-realiza-triduo-em-homenagem-a-nossa-senhora-da-imaculada-conceicao\/\">Continue Reading<\/a><\/p>\n","protected":false},"author":2,"featured_media":62368,"comment_status":"open","ping_status":"open","sticky":false,"template":"","format":"standard","meta":{"footnotes":""},"categories":[4],"tags":[],"class_list":["post-62367","post","type-post","status-publish","format-standard","has-post-thumbnail","hentry","category-destaques"],"_links":{"self":[{"href":"http:\/\/portalcatolico.net\/portal\/wp-json\/wp\/v2\/posts\/62367","targetHints":{"allow":["GET"]}}],"collection":[{"href":"http:\/\/portalcatolico.net\/portal\/wp-json\/wp\/v2\/posts"}],"about":[{"href":"http:\/\/portalcatolico.net\/portal\/wp-json\/wp\/v2\/types\/post"}],"author":[{"embeddable":true,"href":"http:\/\/portalcatolico.net\/portal\/wp-json\/wp\/v2\/users\/2"}],"replies":[{"embeddable":true,"href":"http:\/\/portalcatolico.net\/portal\/wp-json\/wp\/v2\/comments?post=62367"}],"version-history":[{"count":2,"href":"http:\/\/portalcatolico.net\/portal\/wp-json\/wp\/v2\/posts\/62367\/revisions"}],"predecessor-version":[{"id":62370,"href":"http:\/\/portalcatolico.net\/portal\/wp-json\/wp\/v2\/posts\/62367\/revisions\/62370"}],"wp:featuredmedia":[{"embeddable":true,"href":"http:\/\/portalcatolico.net\/portal\/wp-json\/wp\/v2\/media\/62368"}],"wp:attachment":[{"href":"http:\/\/portalcatolico.net\/portal\/wp-json\/wp\/v2\/media?parent=62367"}],"wp:term":[{"taxonomy":"category","embeddable":true,"href":"http:\/\/portalcatolico.net\/portal\/wp-json\/wp\/v2\/categories?post=62367"},{"taxonomy":"post_tag","embeddable":true,"href":"http:\/\/portalcatolico.net\/portal\/wp-json\/wp\/v2\/tags?post=62367"}],"curies":[{"name":"wp","href":"https:\/\/api.w.org\/{rel}","templated":true}]}}