{"id":62364,"date":"2018-12-07T21:45:34","date_gmt":"2018-12-08T00:45:34","guid":{"rendered":"http:\/\/portalcatolico.net\/portal\/?p=62364"},"modified":"2018-12-07T21:45:34","modified_gmt":"2018-12-08T00:45:34","slug":"fieis-lotam-igrejas-para-celebrar-a-festa-da-padroeira-da-bahia","status":"publish","type":"post","link":"http:\/\/portalcatolico.net\/portal\/fieis-lotam-igrejas-para-celebrar-a-festa-da-padroeira-da-bahia\/","title":{"rendered":"Fi\u00e9is lotam igrejas para celebrar a Festa da Padroeira da Bahia"},"content":{"rendered":"<p>Neste s\u00e1bado, 8 de dezembro, a Igreja celebra a festa de Nossa Senhora da Concei\u00e7\u00e3o, que \u00e9 a Padroeira da Bahia. Na Arquidiocese de Salvador as par\u00f3quias dedicadas \u00e0 M\u00e3e de Jesus sob o t\u00edtulo da Imaculada Concei\u00e7\u00e3o est\u00e3o em festa e contam com programa\u00e7\u00f5es especiais. Confira:<\/p>\n<p><strong>Bas\u00edlica Santu\u00e1rio Nossa Senhora da Concei\u00e7\u00e3o da Praia (Com\u00e9rcio)<\/strong><\/p>\n<p>No dia dedicado \u00e0 Imaculada Concei\u00e7\u00e3o da M\u00e3e de Deus (8), ser\u00e3o celebradas Missas \u00e0s 5h, 6h, 7h, 12h, 14h, 15h e 16h. O ponto alto da festa ser\u00e1 a Missa Solene, presidida pelo Arcebispo de Salvador e Primaz do Brasil, Dom Murilo Krieger, \u00e0s 8h30. Logo em seguida, os fi\u00e9is sair\u00e3o em prociss\u00e3o pelas principais ruas do bairro do Com\u00e9rcio, conduzindo as imagens de Nossa Senhora da Concei\u00e7\u00e3o da Praia, Deus Menino, Santa B\u00e1rbara, Senhor do Bonfim e S\u00e3o Jos\u00e9, retornando \u00e0 Bas\u00edlica para a b\u00ean\u00e7\u00e3o com o Sant\u00edssimo Sacramento.<\/p>\n<p><strong>Par\u00f3quia Nossa Senhora da Concei\u00e7\u00e3o (Itapu\u00e3)<\/strong><\/p>\n<p>No dia festivo (8 de dezembro), as homenagens \u00e0 Padroeira da Bahia ter\u00e3o in\u00edcio \u00e0s 6h com alvorada festiva e recita\u00e7\u00e3o do Of\u00edcio de Nossa Senhora. A primeira Missa ser\u00e1 celebrada \u00e0s 7h e, logo em seguida, haver\u00e1 prociss\u00e3o mar\u00edtima com a imagem de Nossa Senhora da Concei\u00e7\u00e3o, saindo da Col\u00f4nia dos Pescadores de Itapu\u00e3. A segunda Missa do dia ter\u00e1 in\u00edcio \u00e0s 11h, na Matriz. J\u00e1 \u00e0s 16h os fi\u00e9is se concentrar\u00e3o no Cruzeiro de S\u00e3o Tom\u00e9, em Piat\u00e3, de onde sair\u00e3o em prociss\u00e3o at\u00e9 a Igreja Matriz. \u00c0s 18h o bispo auxiliar da Arquidiocese de Salvador, Dom Estevam dos Santos Silva Filho, presidir\u00e1 a Missa Solene.<\/p>\n<p><strong>Par\u00f3quia Nossa Senhora da Concei\u00e7\u00e3o (Val\u00e9ria)<\/strong><\/p>\n<p>No dia dedicado \u00e0 Nossa Senhora da Concei\u00e7\u00e3o, 8 de dezembro, a programa\u00e7\u00e3o contar\u00e1 com alvorada e Of\u00edcio de Nossa Senhora, \u00e0s 6h, no CESF; carreatas em todas as comunidades, \u00e0s 8h; e solene prociss\u00e3o saindo do Col\u00e9gio Nossa Senhora Aparecida, em Nova Bras\u00edlia, \u00e0s 15h. O ponto alto dos festejos ser\u00e1 a Missa Solene presidida pelo bispo auxiliar Dom H\u00e9lio Pereira dos Santos, \u00e0s 17h.<\/p>\n<p><strong>Par\u00f3quia Nossa Senhora da Concei\u00e7\u00e3o (Periperi)<\/strong><\/p>\n<p>No dia festivo, 8 de dezembro, a programa\u00e7\u00e3o contar\u00e1 com Of\u00edcio de Nossa Senhora \u00e0s 6h; Missas \u00e0s 7h e 10h; Missa Solene presidida pelo bispo auxiliar, Dom Marco Eug\u00eanio Galr\u00e3o, \u00e0s 16h; e prociss\u00e3o \u00e0s 17h.<\/p>\n<p>Por Sara Gomes\/Arquidiocese de salvador<\/p>\n","protected":false},"excerpt":{"rendered":"<p>Neste s\u00e1bado, 8 de dezembro, a Igreja celebra a festa de Nossa Senhora da Concei\u00e7\u00e3o, que \u00e9 a Padroeira da Bahia. Na Arquidiocese de Salvador as par\u00f3quias dedicadas \u00e0 M\u00e3e de Jesus sob o t\u00edtulo da Imaculada Concei\u00e7\u00e3o est\u00e3o em festa e contam com programa\u00e7\u00f5es especiais. Confira: Bas\u00edlica Santu\u00e1rio Nossa Senhora da Concei\u00e7\u00e3o da Praia&nbsp;<\/p>\n<p><a class=\"btn btn-style\" href=\"http:\/\/portalcatolico.net\/portal\/fieis-lotam-igrejas-para-celebrar-a-festa-da-padroeira-da-bahia\/\">Continue Reading<\/a><\/p>\n","protected":false},"author":2,"featured_media":62365,"comment_status":"open","ping_status":"open","sticky":false,"template":"","format":"standard","meta":{"footnotes":""},"categories":[3],"tags":[],"class_list":["post-62364","post","type-post","status-publish","format-standard","has-post-thumbnail","hentry","category-noticias_regionais"],"_links":{"self":[{"href":"http:\/\/portalcatolico.net\/portal\/wp-json\/wp\/v2\/posts\/62364","targetHints":{"allow":["GET"]}}],"collection":[{"href":"http:\/\/portalcatolico.net\/portal\/wp-json\/wp\/v2\/posts"}],"about":[{"href":"http:\/\/portalcatolico.net\/portal\/wp-json\/wp\/v2\/types\/post"}],"author":[{"embeddable":true,"href":"http:\/\/portalcatolico.net\/portal\/wp-json\/wp\/v2\/users\/2"}],"replies":[{"embeddable":true,"href":"http:\/\/portalcatolico.net\/portal\/wp-json\/wp\/v2\/comments?post=62364"}],"version-history":[{"count":1,"href":"http:\/\/portalcatolico.net\/portal\/wp-json\/wp\/v2\/posts\/62364\/revisions"}],"predecessor-version":[{"id":62366,"href":"http:\/\/portalcatolico.net\/portal\/wp-json\/wp\/v2\/posts\/62364\/revisions\/62366"}],"wp:featuredmedia":[{"embeddable":true,"href":"http:\/\/portalcatolico.net\/portal\/wp-json\/wp\/v2\/media\/62365"}],"wp:attachment":[{"href":"http:\/\/portalcatolico.net\/portal\/wp-json\/wp\/v2\/media?parent=62364"}],"wp:term":[{"taxonomy":"category","embeddable":true,"href":"http:\/\/portalcatolico.net\/portal\/wp-json\/wp\/v2\/categories?post=62364"},{"taxonomy":"post_tag","embeddable":true,"href":"http:\/\/portalcatolico.net\/portal\/wp-json\/wp\/v2\/tags?post=62364"}],"curies":[{"name":"wp","href":"https:\/\/api.w.org\/{rel}","templated":true}]}}