{"id":62361,"date":"2018-12-07T06:06:29","date_gmt":"2018-12-07T09:06:29","guid":{"rendered":"http:\/\/portalcatolico.net\/portal\/?p=62361"},"modified":"2018-12-07T06:06:29","modified_gmt":"2018-12-07T09:06:29","slug":"santuario-brasileiro-ganha-titulo-de-basilica-irma-de-igreja-de-israel","status":"publish","type":"post","link":"http:\/\/portalcatolico.net\/portal\/santuario-brasileiro-ganha-titulo-de-basilica-irma-de-igreja-de-israel\/","title":{"rendered":"Santu\u00e1rio brasileiro ganha t\u00edtulo de &#8216;Bas\u00edlica Irm\u00e3&#8217; de Igreja de Israel"},"content":{"rendered":"<p>O Santu\u00e1rio Bas\u00edlica Nossa Senhora da Piedade, localizado em Caet\u00e9, regi\u00e3o metropolitana de Belo Horizonte (MG), recebe neste m\u00eas de dezembro, o t\u00edtulo de &#8216;Bas\u00edlica Irm\u00e3&#8217; da Bas\u00edlica da Anuncia\u00e7\u00e3o, em Israel, se tornando o segundo Santu\u00e1rio brasileiro a receber o t\u00edtulo.<\/p>\n<p>Dom Walmor Oliveira de Azevedo, Arcebispo metropolitano da Arquidiocese de Belo Horizonte, presidir\u00e1 no dia 09 de dezembro, \u00e0s 8h, uma Santa Missa na Ermida da Padroeira de Minas Gerais, Bas\u00edlica da Piedade, na qual receber\u00e1 o Frei brasileiro Bruno Varriano, reitor e guardi\u00e3o da Bas\u00edlica da Anuncia\u00e7\u00e3o. Na ocasi\u00e3o, ser\u00e1 entregue ao prelado o documento oficial com o t\u00edtulo, al\u00e9m de uma pedra da casa de Nossa Senhora, local onde, segundo a tradi\u00e7\u00e3o, a M\u00e3e de Deus recebeu a visita do anjo Gabriel.<\/p>\n<p>&#8220;O t\u00edtulo se refere \u00e0 grande import\u00e2ncia do Santu\u00e1rio Bas\u00edlica Nossa Senhora da Piedade, muito visitado durante todo ao ano. Al\u00e9m disso, precisamos destacar a devo\u00e7\u00e3o mineira \u00e0 m\u00e3e de Jesus&#8221;, explicou o Cust\u00f3dia da Terra Santa em Minas, frei Francisco Alexandre Viana, que acredita que o t\u00edtulo dar\u00e1 ainda mais visibilidade internacional \u00e0 Serra da Piedade e servir\u00e1 para aumentar o n\u00famero de romeiros, que j\u00e1 chega a meio milh\u00e3o por ano.<\/p>\n<p>Segundo Dom Walmor, o t\u00edtulo refor\u00e7a a F\u00e9 do povo mineiro. &#8220;Ao reconhecer o Santu\u00e1rio Bas\u00edlica Nossa Senhora da Piedade como territ\u00f3rio irm\u00e3o da Bas\u00edlica Nossa Senhora da Anuncia\u00e7\u00e3o, em Nazar\u00e9, os franciscanos, guardi\u00f5es da Terra Santa, fazem justa homenagem \u00e0 devo\u00e7\u00e3o do povo mineiro, que desde o s\u00e9culo XVIII peregrina ao topo da Serra da Piedade&#8221;, afirmou.<\/p>\n<p>O Arcebispo metropolitano defende que esse reconhecimento aumenta a responsabilidade de todos no cuidado di\u00e1rio com esse patrim\u00f4nio. &#8220;O mundo contempla e percebe nosso Santu\u00e1rio como um dom, lugar \u00fanico, tamb\u00e9m uma terra santa. N\u00f3s, que somos guardi\u00f5es do Santu\u00e1rio Bas\u00edlica Nossa Senhora da Piedade, precisamos nos unir, cada vez mais, para defend\u00ea-lo e preserv\u00e1-lo&#8221;, concluiu.(Gaudium Press)<\/p>\n","protected":false},"excerpt":{"rendered":"<p>O Santu\u00e1rio Bas\u00edlica Nossa Senhora da Piedade, localizado em Caet\u00e9, regi\u00e3o metropolitana de Belo Horizonte (MG), recebe neste m\u00eas de dezembro, o t\u00edtulo de &#8216;Bas\u00edlica Irm\u00e3&#8217; da Bas\u00edlica da Anuncia\u00e7\u00e3o, em Israel, se tornando o segundo Santu\u00e1rio brasileiro a receber o t\u00edtulo. Dom Walmor Oliveira de Azevedo, Arcebispo metropolitano da Arquidiocese de Belo Horizonte, presidir\u00e1&nbsp;<\/p>\n<p><a class=\"btn btn-style\" href=\"http:\/\/portalcatolico.net\/portal\/santuario-brasileiro-ganha-titulo-de-basilica-irma-de-igreja-de-israel\/\">Continue Reading<\/a><\/p>\n","protected":false},"author":2,"featured_media":62362,"comment_status":"open","ping_status":"open","sticky":false,"template":"","format":"standard","meta":{"footnotes":""},"categories":[3],"tags":[],"class_list":["post-62361","post","type-post","status-publish","format-standard","has-post-thumbnail","hentry","category-noticias_regionais"],"_links":{"self":[{"href":"http:\/\/portalcatolico.net\/portal\/wp-json\/wp\/v2\/posts\/62361","targetHints":{"allow":["GET"]}}],"collection":[{"href":"http:\/\/portalcatolico.net\/portal\/wp-json\/wp\/v2\/posts"}],"about":[{"href":"http:\/\/portalcatolico.net\/portal\/wp-json\/wp\/v2\/types\/post"}],"author":[{"embeddable":true,"href":"http:\/\/portalcatolico.net\/portal\/wp-json\/wp\/v2\/users\/2"}],"replies":[{"embeddable":true,"href":"http:\/\/portalcatolico.net\/portal\/wp-json\/wp\/v2\/comments?post=62361"}],"version-history":[{"count":1,"href":"http:\/\/portalcatolico.net\/portal\/wp-json\/wp\/v2\/posts\/62361\/revisions"}],"predecessor-version":[{"id":62363,"href":"http:\/\/portalcatolico.net\/portal\/wp-json\/wp\/v2\/posts\/62361\/revisions\/62363"}],"wp:featuredmedia":[{"embeddable":true,"href":"http:\/\/portalcatolico.net\/portal\/wp-json\/wp\/v2\/media\/62362"}],"wp:attachment":[{"href":"http:\/\/portalcatolico.net\/portal\/wp-json\/wp\/v2\/media?parent=62361"}],"wp:term":[{"taxonomy":"category","embeddable":true,"href":"http:\/\/portalcatolico.net\/portal\/wp-json\/wp\/v2\/categories?post=62361"},{"taxonomy":"post_tag","embeddable":true,"href":"http:\/\/portalcatolico.net\/portal\/wp-json\/wp\/v2\/tags?post=62361"}],"curies":[{"name":"wp","href":"https:\/\/api.w.org\/{rel}","templated":true}]}}