{"id":62358,"date":"2018-12-06T15:41:20","date_gmt":"2018-12-06T18:41:20","guid":{"rendered":"http:\/\/portalcatolico.net\/portal\/?p=62358"},"modified":"2018-12-06T15:41:20","modified_gmt":"2018-12-06T18:41:20","slug":"canavieiras-paroquia-sao-boaventura-recebe-padre-que-sera-o-vigario-paroquial","status":"publish","type":"post","link":"http:\/\/portalcatolico.net\/portal\/canavieiras-paroquia-sao-boaventura-recebe-padre-que-sera-o-vigario-paroquial\/","title":{"rendered":"Canavieiras: Par\u00f3quia S\u00e3o Boaventura recebe padre que ser\u00e1 o vig\u00e1rio paroquial"},"content":{"rendered":"<p>Nesta ter\u00e7a-feira (4) aconteceu na Par\u00f3quia S\u00e3o Boaventura, em Canavieiras, a missa de apresenta\u00e7\u00e3o do Padre Hugo de Fosses Juscelino que a partir desta quarta-feira(5) j\u00e1 exerce as fun\u00e7\u00f5es de vig\u00e1rio paroquial.<\/p>\n<p>Padre Hugo foi apresentado a comunidade cat\u00f3lica pelo padre Vinicius Mascarenhas com muito entusiasmo, ele comemorou a chegada do vig\u00e1rio salientando que o mesmo era muito aguardado e que com a sua vinda, a Par\u00f3quia ganhou mais um forte combatente para a dissemina\u00e7\u00e3o do evangelho nas comunidades da zona urbana e da zona rural.<\/p>\n<p>Emocionado, ao final da missa, o novo vig\u00e1rio paroquial agradeceu a todos pela acolhida e disse que est\u00e1 a disposi\u00e7\u00e3o para servir a comunidade auxiliando Padre Vinicius na condu\u00e7\u00e3o dos trabalhos paroquiais. Ao final da celebra\u00e7\u00e3o, os padres participaram de um jantar com os coordenadores de setores e movimentos sociais da par\u00f3quia.<\/p>\n<p>Fonte: Studio FM<\/p>\n","protected":false},"excerpt":{"rendered":"<p>Nesta ter\u00e7a-feira (4) aconteceu na Par\u00f3quia S\u00e3o Boaventura, em Canavieiras, a missa de apresenta\u00e7\u00e3o do Padre Hugo de Fosses Juscelino que a partir desta quarta-feira(5) j\u00e1 exerce as fun\u00e7\u00f5es de vig\u00e1rio paroquial. Padre Hugo foi apresentado a comunidade cat\u00f3lica pelo padre Vinicius Mascarenhas com muito entusiasmo, ele comemorou a chegada do vig\u00e1rio salientando que o&nbsp;<\/p>\n<p><a class=\"btn btn-style\" href=\"http:\/\/portalcatolico.net\/portal\/canavieiras-paroquia-sao-boaventura-recebe-padre-que-sera-o-vigario-paroquial\/\">Continue Reading<\/a><\/p>\n","protected":false},"author":2,"featured_media":62359,"comment_status":"open","ping_status":"open","sticky":false,"template":"","format":"standard","meta":{"footnotes":""},"categories":[4],"tags":[],"class_list":["post-62358","post","type-post","status-publish","format-standard","has-post-thumbnail","hentry","category-destaques"],"_links":{"self":[{"href":"http:\/\/portalcatolico.net\/portal\/wp-json\/wp\/v2\/posts\/62358","targetHints":{"allow":["GET"]}}],"collection":[{"href":"http:\/\/portalcatolico.net\/portal\/wp-json\/wp\/v2\/posts"}],"about":[{"href":"http:\/\/portalcatolico.net\/portal\/wp-json\/wp\/v2\/types\/post"}],"author":[{"embeddable":true,"href":"http:\/\/portalcatolico.net\/portal\/wp-json\/wp\/v2\/users\/2"}],"replies":[{"embeddable":true,"href":"http:\/\/portalcatolico.net\/portal\/wp-json\/wp\/v2\/comments?post=62358"}],"version-history":[{"count":1,"href":"http:\/\/portalcatolico.net\/portal\/wp-json\/wp\/v2\/posts\/62358\/revisions"}],"predecessor-version":[{"id":62360,"href":"http:\/\/portalcatolico.net\/portal\/wp-json\/wp\/v2\/posts\/62358\/revisions\/62360"}],"wp:featuredmedia":[{"embeddable":true,"href":"http:\/\/portalcatolico.net\/portal\/wp-json\/wp\/v2\/media\/62359"}],"wp:attachment":[{"href":"http:\/\/portalcatolico.net\/portal\/wp-json\/wp\/v2\/media?parent=62358"}],"wp:term":[{"taxonomy":"category","embeddable":true,"href":"http:\/\/portalcatolico.net\/portal\/wp-json\/wp\/v2\/categories?post=62358"},{"taxonomy":"post_tag","embeddable":true,"href":"http:\/\/portalcatolico.net\/portal\/wp-json\/wp\/v2\/tags?post=62358"}],"curies":[{"name":"wp","href":"https:\/\/api.w.org\/{rel}","templated":true}]}}