{"id":62350,"date":"2018-12-06T11:38:31","date_gmt":"2018-12-06T14:38:31","guid":{"rendered":"http:\/\/portalcatolico.net\/portal\/?p=62350"},"modified":"2018-12-06T11:41:48","modified_gmt":"2018-12-06T14:41:48","slug":"santa-luzia-e-celebrada-em-pau-brasil","status":"publish","type":"post","link":"http:\/\/portalcatolico.net\/portal\/santa-luzia-e-celebrada-em-pau-brasil\/","title":{"rendered":"Santa Luzia \u00e9 celebrada em Pau Brasil"},"content":{"rendered":"<p><span lang=\"PT\"><span style=\"font-size: medium;\">A Par\u00f3quia de Santa Luzia, pertencente \u00e0 Diocese de Itabuna, celebra a&nbsp;<\/span><span style=\"font-size: medium;\">festa da sua padroeira na cidade de Pau Brasil, no sul da Bahia.<\/span><\/span><\/p>\n<p><span lang=\"PT\"><span style=\"font-size: medium;\">Santa Luzia \u00e9 a santa protetora dos olhos e os cat\u00f3licos manifestam seu contentamento diante da express\u00e3o de f\u00e9, participando diariamente dos preparativos para celebrar a novena em honra \u00e0 excelsa padroeira, e contribuir com o bom andamento dos festejos na par\u00f3quia.<br \/>\n<\/span><span style=\"font-size: medium;\">O tema central dos festejos \u00e9: &#8220;Igreja Comunidade: Casa da inicia\u00e7\u00e3o da vida crist\u00e3.&#8221;<br \/>\nA Novena acontece de 04 a 13 de Dezembro.<\/span><\/span><\/p>\n<p><span lang=\"PT\"><span style=\"font-size: medium;\">A santa missa come\u00e7a \u00e0s 19h.<\/span><\/span><\/p>\n<p><span lang=\"PT\"><span style=\"font-size: medium;\">Confira a programa\u00e7\u00e3o:<\/span><\/span><\/p>\n<p><span lang=\"PT\"><br \/>\n<span style=\"font-size: medium;\">Dia 12\/12 -das 8h \u00e0s 13h- Quermesse social (Com&nbsp; servi\u00e7os de sa\u00fade,&nbsp;<br \/>\nbeleza, ecol\u00f3gico e advocat\u00edcios)<\/span><\/span><\/p>\n<p><span lang=\"PT\"><br \/>\n<strong><span style=\"font-size: medium;\">13\/12 (quinta-feira) feriado municipal na cidade de Pau Brasil.<\/span><\/strong><\/span><\/p>\n<p><span lang=\"PT\"><span style=\"font-size: medium;\">05h-Alvorada<br \/>\n9h30-Santa Missa Solene<br \/>\n15h30-Batizados<br \/>\n17h- Prociss\u00e3o pelas principais ruas da cidade encerrando com a b\u00ean\u00e7\u00e3o&nbsp;<br \/>\ndo Sant\u00edssimo sacramento.<\/span><\/span><\/p>\n<p>Informa\u00e7\u00f5es: Pascom\/Par\u00f3quia Santa Luzia<\/p>\n<p>Texto:Portal Cat\u00f3lico<\/p>\n<p><img loading=\"lazy\" decoding=\"async\" class=\"alignnone wp-image-62354\" src=\"http:\/\/portalcatolico.net\/portal\/wp-content\/uploads\/2018\/12\/47218684_298672794084364_1589296134705119232_n-300x212.jpg\" alt=\"\" width=\"740\" height=\"523\" srcset=\"http:\/\/portalcatolico.net\/portal\/wp-content\/uploads\/2018\/12\/47218684_298672794084364_1589296134705119232_n-300x212.jpg 300w, http:\/\/portalcatolico.net\/portal\/wp-content\/uploads\/2018\/12\/47218684_298672794084364_1589296134705119232_n-768x542.jpg 768w, http:\/\/portalcatolico.net\/portal\/wp-content\/uploads\/2018\/12\/47218684_298672794084364_1589296134705119232_n.jpg 960w\" sizes=\"auto, (max-width: 740px) 100vw, 740px\" \/><\/p>\n<p><img loading=\"lazy\" decoding=\"async\" class=\"wp-image-62355 aligncenter\" src=\"http:\/\/portalcatolico.net\/portal\/wp-content\/uploads\/2018\/12\/47178355_298672814084362_5191795358333665280_n-300x212.jpg\" alt=\"\" width=\"742\" height=\"524\" srcset=\"http:\/\/portalcatolico.net\/portal\/wp-content\/uploads\/2018\/12\/47178355_298672814084362_5191795358333665280_n-300x212.jpg 300w, http:\/\/portalcatolico.net\/portal\/wp-content\/uploads\/2018\/12\/47178355_298672814084362_5191795358333665280_n-768x542.jpg 768w, http:\/\/portalcatolico.net\/portal\/wp-content\/uploads\/2018\/12\/47178355_298672814084362_5191795358333665280_n.jpg 960w\" sizes=\"auto, (max-width: 742px) 100vw, 742px\" \/><\/p>\n","protected":false},"excerpt":{"rendered":"<p>A Par\u00f3quia de Santa Luzia, pertencente \u00e0 Diocese de Itabuna, celebra a&nbsp;festa da sua padroeira na cidade de Pau Brasil, no sul da Bahia. Santa Luzia \u00e9 a santa protetora dos olhos e os cat\u00f3licos manifestam seu contentamento diante da express\u00e3o de f\u00e9, participando diariamente dos preparativos para celebrar a novena em honra \u00e0 excelsa&nbsp;<\/p>\n<p><a class=\"btn btn-style\" href=\"http:\/\/portalcatolico.net\/portal\/santa-luzia-e-celebrada-em-pau-brasil\/\">Continue Reading<\/a><\/p>\n","protected":false},"author":2,"featured_media":62351,"comment_status":"open","ping_status":"open","sticky":false,"template":"","format":"standard","meta":{"footnotes":""},"categories":[1],"tags":[],"class_list":["post-62350","post","type-post","status-publish","format-standard","has-post-thumbnail","hentry","category-agenda"],"_links":{"self":[{"href":"http:\/\/portalcatolico.net\/portal\/wp-json\/wp\/v2\/posts\/62350","targetHints":{"allow":["GET"]}}],"collection":[{"href":"http:\/\/portalcatolico.net\/portal\/wp-json\/wp\/v2\/posts"}],"about":[{"href":"http:\/\/portalcatolico.net\/portal\/wp-json\/wp\/v2\/types\/post"}],"author":[{"embeddable":true,"href":"http:\/\/portalcatolico.net\/portal\/wp-json\/wp\/v2\/users\/2"}],"replies":[{"embeddable":true,"href":"http:\/\/portalcatolico.net\/portal\/wp-json\/wp\/v2\/comments?post=62350"}],"version-history":[{"count":4,"href":"http:\/\/portalcatolico.net\/portal\/wp-json\/wp\/v2\/posts\/62350\/revisions"}],"predecessor-version":[{"id":62357,"href":"http:\/\/portalcatolico.net\/portal\/wp-json\/wp\/v2\/posts\/62350\/revisions\/62357"}],"wp:featuredmedia":[{"embeddable":true,"href":"http:\/\/portalcatolico.net\/portal\/wp-json\/wp\/v2\/media\/62351"}],"wp:attachment":[{"href":"http:\/\/portalcatolico.net\/portal\/wp-json\/wp\/v2\/media?parent=62350"}],"wp:term":[{"taxonomy":"category","embeddable":true,"href":"http:\/\/portalcatolico.net\/portal\/wp-json\/wp\/v2\/categories?post=62350"},{"taxonomy":"post_tag","embeddable":true,"href":"http:\/\/portalcatolico.net\/portal\/wp-json\/wp\/v2\/tags?post=62350"}],"curies":[{"name":"wp","href":"https:\/\/api.w.org\/{rel}","templated":true}]}}