{"id":62347,"date":"2018-12-06T11:32:06","date_gmt":"2018-12-06T14:32:06","guid":{"rendered":"http:\/\/portalcatolico.net\/portal\/?p=62347"},"modified":"2018-12-06T11:32:34","modified_gmt":"2018-12-06T14:32:34","slug":"nossa-senhora-de-guadalupe-e-celebrada-em-ilheus","status":"publish","type":"post","link":"http:\/\/portalcatolico.net\/portal\/nossa-senhora-de-guadalupe-e-celebrada-em-ilheus\/","title":{"rendered":"Nossa Senhora de Guadalupe \u00e9 celebrada em Ilh\u00e9us"},"content":{"rendered":"<p>A Par\u00f3quia Nossa Senhora de Guadalupe, situada no bairro Alto da Boa&nbsp;Vista, na cidade de Ilh\u00e9us (BA), est\u00e1 em festa do dia 03 a 12 de&nbsp;Dezembro em prepara\u00e7\u00e3o a festa de&nbsp; sua padroeira.<br \/>\nCom o tema para este ano Nacional do Laicato: &#8220;Crist\u00e3os Leigos&nbsp; e&nbsp;Leigas, Sujeitos na Igreja em Sa\u00edda; a Servi\u00e7o do Reino&#8221;. E o Lema: &#8221;&nbsp;Sal da Terra e Luz do Mundo. (Mt 5, 13-14)&#8221;.<br \/>\nA&nbsp;programa\u00e7\u00e3o&nbsp;tem&nbsp; in\u00edcio todos os dias sempre, \u00e0s 19h, com celebra\u00e7\u00e3o&nbsp;eucar\u00edstica na igreja matriz.<br \/>\nOs&nbsp; Festejos em Louvor a Padroeira do bairro Alto da Boa Vista na cidade&nbsp;e diocese de Ilh\u00e9us no sul da Bahia&nbsp; e Imperatriz da Am\u00e9rica Latina.&nbsp;<br \/>\nAp\u00f3s a celebra\u00e7\u00e3o Eucar\u00edstica acontece quermesse e som ao vivo.<\/p>\n<p>A par\u00f3quia tem como p\u00e1roco&nbsp;respons\u00e1vel, o Pe. Jo\u00e3o Boaventura Oiticica.<\/p>\n<p>Confira a programa\u00e7\u00e3o do dia festivo<br \/>\n12 de Dezembro de 2018 (Quarta-feira)<\/p>\n<p>05h \u2013 Alvorada Festiva<br \/>\n06h\u2013 Santo Of\u00edcio de Nossa Senhora<br \/>\n18h \u2013 Consagra\u00e7\u00e3o \u00e0 Nossa Senhora<br \/>\n18h30 \u2013 Caminhada de F\u00e9. Logo em seguida Solene Celebra\u00e7\u00e3o Eucar\u00edstica<\/p>\n<p>Foto:Divulga\u00e7\u00e3o<\/p>\n<p>&nbsp;<\/p>\n","protected":false},"excerpt":{"rendered":"<p>A Par\u00f3quia Nossa Senhora de Guadalupe, situada no bairro Alto da Boa&nbsp;Vista, na cidade de Ilh\u00e9us (BA), est\u00e1 em festa do dia 03 a 12 de&nbsp;Dezembro em prepara\u00e7\u00e3o a festa de&nbsp; sua padroeira. Com o tema para este ano Nacional do Laicato: &#8220;Crist\u00e3os Leigos&nbsp; e&nbsp;Leigas, Sujeitos na Igreja em Sa\u00edda; a Servi\u00e7o do Reino&#8221;. E&nbsp;<\/p>\n<p><a class=\"btn btn-style\" href=\"http:\/\/portalcatolico.net\/portal\/nossa-senhora-de-guadalupe-e-celebrada-em-ilheus\/\">Continue Reading<\/a><\/p>\n","protected":false},"author":2,"featured_media":62348,"comment_status":"open","ping_status":"open","sticky":false,"template":"","format":"standard","meta":{"footnotes":""},"categories":[1],"tags":[],"class_list":["post-62347","post","type-post","status-publish","format-standard","has-post-thumbnail","hentry","category-agenda"],"_links":{"self":[{"href":"http:\/\/portalcatolico.net\/portal\/wp-json\/wp\/v2\/posts\/62347","targetHints":{"allow":["GET"]}}],"collection":[{"href":"http:\/\/portalcatolico.net\/portal\/wp-json\/wp\/v2\/posts"}],"about":[{"href":"http:\/\/portalcatolico.net\/portal\/wp-json\/wp\/v2\/types\/post"}],"author":[{"embeddable":true,"href":"http:\/\/portalcatolico.net\/portal\/wp-json\/wp\/v2\/users\/2"}],"replies":[{"embeddable":true,"href":"http:\/\/portalcatolico.net\/portal\/wp-json\/wp\/v2\/comments?post=62347"}],"version-history":[{"count":1,"href":"http:\/\/portalcatolico.net\/portal\/wp-json\/wp\/v2\/posts\/62347\/revisions"}],"predecessor-version":[{"id":62349,"href":"http:\/\/portalcatolico.net\/portal\/wp-json\/wp\/v2\/posts\/62347\/revisions\/62349"}],"wp:featuredmedia":[{"embeddable":true,"href":"http:\/\/portalcatolico.net\/portal\/wp-json\/wp\/v2\/media\/62348"}],"wp:attachment":[{"href":"http:\/\/portalcatolico.net\/portal\/wp-json\/wp\/v2\/media?parent=62347"}],"wp:term":[{"taxonomy":"category","embeddable":true,"href":"http:\/\/portalcatolico.net\/portal\/wp-json\/wp\/v2\/categories?post=62347"},{"taxonomy":"post_tag","embeddable":true,"href":"http:\/\/portalcatolico.net\/portal\/wp-json\/wp\/v2\/tags?post=62347"}],"curies":[{"name":"wp","href":"https:\/\/api.w.org\/{rel}","templated":true}]}}