{"id":62340,"date":"2018-12-05T13:36:38","date_gmt":"2018-12-05T16:36:38","guid":{"rendered":"http:\/\/portalcatolico.net\/portal\/?p=62340"},"modified":"2018-12-05T13:46:06","modified_gmt":"2018-12-05T16:46:06","slug":"continua-em-itabuna-o-novenario-em-honra-a-nossa-senhora-da-conceicao-2","status":"publish","type":"post","link":"http:\/\/portalcatolico.net\/portal\/continua-em-itabuna-o-novenario-em-honra-a-nossa-senhora-da-conceicao-2\/","title":{"rendered":"Continua em Itabuna, o Noven\u00e1rio em honra \u00e0 Nossa Senhora da Concei\u00e7\u00e3o"},"content":{"rendered":"<p><span lang=\"PT\"><span style=\"font-size: medium;\">Com o tema: &#8220;Seguindo o exemplo da Virgem da Concei\u00e7\u00e3o, sejamos Sal da&nbsp;Terra e Luz do mundo&#8221; e o lema: &#8220;Crist\u00e3os leigos e leigas na&nbsp; igreja e&nbsp;na sociedade&#8221;, tiveram in\u00edcio os preparativos para a Festa em honra a Nossa Senhora da Concei\u00e7\u00e3o, padroeira do bairro Ferradas, no dia 28 de Novembro.<\/span><\/span><\/p>\n<p><span lang=\"PT\"><span style=\"font-size: medium;\">&nbsp;<br \/>\n<\/span><span style=\"font-size: medium;\">A santa missa acontece todos os dias, \u00e0s 19h, at\u00e9 o dia 07\/12.<\/span><\/span><\/p>\n<p><span lang=\"PT\"><span style=\"font-size: medium;\">No dia 8, acontece a t\u00e3o esperada festa da padroeira.<br \/>\n<\/span><span style=\"font-size: medium;\">Nesta&nbsp; ter\u00e7a \u2013feira, 04 de dezembro, aconteceu a 6\u00aa noite do Noven\u00e1rio, quando foi&nbsp;<\/span><span style=\"font-size: medium;\">&nbsp;<\/span><span style=\"font-size: medium;\">refletido o Sub-tema: &#8220;A fam\u00edlia na constru\u00e7\u00e3o de uma sociedade mais justa e solidaria&#8221;.<br \/>\n<\/span><span style=\"font-size: medium;\">O celebrante foi o Pe. Jos\u00e9 Roberto, p\u00e1roco da igreja matriz de Nossa Senhora&nbsp;da Concei\u00e7\u00e3o do bairro Ferradas. A santa missa aconteceu \u00e0s 19h.<\/span><\/span><\/p>\n<p><span lang=\"PT\"><span style=\"font-size: medium;\">Na oportunidade, ele disse: &#8220;Ao longo dessas 9 noites, n\u00f3s estamos sendo usados e estamos sendo chamados a fazer a diferen\u00e7a como crist\u00e3o. Porque crist\u00e3o \u00e9 luz!&#8221;<br \/>\n<\/span><span style=\"font-size: medium;\">Os convidados foram: Comunidade de s\u00e3o Jose Oper\u00e1rio e Legi\u00e3o de Maria&nbsp;Adulta.<br \/>\nRespons\u00e1veis pela noite: Ter\u00e7o dos Homens&nbsp; e Pastoral do Batismo.<br \/>\n\u00c0s 18h20, teve momento devocional com o Ter\u00e7o da Miseric\u00f3rdia. Respons\u00e1veis: Grupo de Ora\u00e7\u00e3o. E a B\u00ean\u00e7\u00e3o: Ter\u00e7o e velas.<\/span><\/span><\/p>\n<p><strong><span lang=\"PT\"><span style=\"font-size: medium;\">Confira a programa\u00e7\u00e3o do dia da festa:<\/span><\/span><\/strong><\/p>\n<p><span lang=\"PT\"><span style=\"font-size: medium;\"><strong>08.12.2018-S\u00e1bado<\/strong><br \/>\n<\/span><span style=\"font-size: medium;\">08h-Missa de inten\u00e7\u00f5es.<br \/>\n10h-Batizados<br \/>\n12h-Soltar fogos na casa de cada pessoa da Comunidade.<br \/>\n16h-Oficio de Nossa Senhora(cantado)-Comunidade S\u00e3o Paulo da Cruz.<br \/>\n16h40-Prociss\u00e3o saindo de Nova Ferradas com os andores com as imagens&nbsp; dos padroeiros de todas as comunidades da par\u00f3quia.<br \/>\n18h30-Santa Missa Festiva-com a presid\u00eancia do bispo Diocesano da&nbsp;<br \/>\nDiocese de Itabuna, Dom Carlos Alberto dos Santos.<br \/>\nAp\u00f3s a missa, tem a Coroa\u00e7\u00e3o da Imagem de Nossa Senhora da Concei\u00e7\u00e3o. Participe!<\/span><\/span><\/p>\n","protected":false},"excerpt":{"rendered":"<p>Com o tema: &#8220;Seguindo o exemplo da Virgem da Concei\u00e7\u00e3o, sejamos Sal da&nbsp;Terra e Luz do mundo&#8221; e o lema: &#8220;Crist\u00e3os leigos e leigas na&nbsp; igreja e&nbsp;na sociedade&#8221;, tiveram in\u00edcio os preparativos para a Festa em honra a Nossa Senhora da Concei\u00e7\u00e3o, padroeira do bairro Ferradas, no dia 28 de Novembro. &nbsp; A santa missa&nbsp;<\/p>\n<p><a class=\"btn btn-style\" href=\"http:\/\/portalcatolico.net\/portal\/continua-em-itabuna-o-novenario-em-honra-a-nossa-senhora-da-conceicao-2\/\">Continue Reading<\/a><\/p>\n","protected":false},"author":2,"featured_media":62344,"comment_status":"open","ping_status":"open","sticky":false,"template":"","format":"standard","meta":{"footnotes":""},"categories":[68],"tags":[],"class_list":["post-62340","post","type-post","status-publish","format-standard","has-post-thumbnail","hentry","category-homilias"],"_links":{"self":[{"href":"http:\/\/portalcatolico.net\/portal\/wp-json\/wp\/v2\/posts\/62340","targetHints":{"allow":["GET"]}}],"collection":[{"href":"http:\/\/portalcatolico.net\/portal\/wp-json\/wp\/v2\/posts"}],"about":[{"href":"http:\/\/portalcatolico.net\/portal\/wp-json\/wp\/v2\/types\/post"}],"author":[{"embeddable":true,"href":"http:\/\/portalcatolico.net\/portal\/wp-json\/wp\/v2\/users\/2"}],"replies":[{"embeddable":true,"href":"http:\/\/portalcatolico.net\/portal\/wp-json\/wp\/v2\/comments?post=62340"}],"version-history":[{"count":3,"href":"http:\/\/portalcatolico.net\/portal\/wp-json\/wp\/v2\/posts\/62340\/revisions"}],"predecessor-version":[{"id":62345,"href":"http:\/\/portalcatolico.net\/portal\/wp-json\/wp\/v2\/posts\/62340\/revisions\/62345"}],"wp:featuredmedia":[{"embeddable":true,"href":"http:\/\/portalcatolico.net\/portal\/wp-json\/wp\/v2\/media\/62344"}],"wp:attachment":[{"href":"http:\/\/portalcatolico.net\/portal\/wp-json\/wp\/v2\/media?parent=62340"}],"wp:term":[{"taxonomy":"category","embeddable":true,"href":"http:\/\/portalcatolico.net\/portal\/wp-json\/wp\/v2\/categories?post=62340"},{"taxonomy":"post_tag","embeddable":true,"href":"http:\/\/portalcatolico.net\/portal\/wp-json\/wp\/v2\/tags?post=62340"}],"curies":[{"name":"wp","href":"https:\/\/api.w.org\/{rel}","templated":true}]}}