{"id":62334,"date":"2018-12-05T13:30:24","date_gmt":"2018-12-05T16:30:24","guid":{"rendered":"http:\/\/portalcatolico.net\/portal\/?p=62334"},"modified":"2018-12-05T13:49:15","modified_gmt":"2018-12-05T16:49:15","slug":"nossa-senhora-da-conceicao-e-celebrada-em-ubata","status":"publish","type":"post","link":"http:\/\/portalcatolico.net\/portal\/nossa-senhora-da-conceicao-e-celebrada-em-ubata\/","title":{"rendered":"Nossa Senhora da Concei\u00e7\u00e3o \u00e9 celebrada em Ubat\u00e3"},"content":{"rendered":"<p><span lang=\"PT\"><span style=\"font-size: medium;\">A padroeira do munic\u00edpio baiano de Ubat\u00e3 est\u00e1 sendo celebrada desde o dia 29 de novembro.&nbsp;<br \/>\n<\/span><span style=\"font-size: medium;\">O tema central&nbsp; da festa \u00e9: &#8221; Igreja Mission\u00e1rio: um chamado \u00e0 Santidade&#8221;.<\/span><\/span><\/p>\n<p>Os preparativos&nbsp;da festa tive&nbsp; in\u00edcio \u00e0s 5h, com uma&nbsp; carreata de abertura da Festa pelas principais ruas da cidade, encerrando com a b\u00ean\u00e7\u00e3o dos ve\u00edculos (saindo&nbsp;da Igreja de Todos os Santos para a Igreja da Concei\u00e7\u00e3o).<br \/>\n\u00c0s 18h30, teve prociss\u00e3o com a imagem de Nossa Senhora da Concei\u00e7\u00e3o, saindo&nbsp;da Igreja da Concei\u00e7\u00e3o para a Igreja de Todos os Santos.<br \/>\n\u00c0s 19h, aconteceu a abertura do Noven\u00e1rio com a Celebra\u00e7\u00e3o Eucar\u00edstica.<br \/>\n\u00c0s 20h30, teve a&nbsp;<span style=\"font-size: medium;\">&nbsp;<\/span><span style=\"font-size: medium;\">Noite Cultural durante todo o noven\u00e1rio, no palco principal, e&nbsp;<\/span><span style=\"font-size: medium;\">Quermesse ao lado ao lado da Igreja de Todos os Santos.<\/span><\/p>\n<p>Do dia&nbsp; 29 de novembro at\u00e9 o dia 07 de dezembro, o Noven\u00e1rio na Igreja&nbsp;<br \/>\nde Todos os Santos acontecer\u00e1 sempre \u00e0s 19h.&nbsp;<\/p>\n<p><span lang=\"PT\"><span style=\"font-size: medium;\">No dia 08 acontece a solenidade de comemora\u00e7\u00e3o do grande dia da santa.<\/span><\/span><\/p>\n<p><strong><span lang=\"PT\"><span style=\"font-size: medium;\">Confira a programa\u00e7\u00e3o completa:<\/span><\/span><\/strong><\/p>\n<p><span lang=\"PT\"><br \/>\n<span style=\"font-size: medium;\">30 de novembro &#8211; Sexta-feira<br \/>\n\u00c0s 16h \u2013 Celebra\u00e7\u00e3o Eucar\u00edstica com os enfermos na Igreja da Concei\u00e7\u00e3o.<br \/>\n02 de dezembro \u2013 Domingo<br \/>\n\u00c0s 7h \u2013 Batizados na Igreja da Concei\u00e7\u00e3o<br \/>\n06 de dezembro &#8211; quinta-feira<br \/>\n\u00c0s 6h \u2013 Adora\u00e7\u00e3o ao Sant\u00edssimo Sacramento com os Ministros na Igreja de&nbsp;<br \/>\nTodos os Santos<br \/>\n07 de dezembro \u2013 Sexta-feira<br \/>\n20h30 \u2013 Apresenta\u00e7\u00e3o dos Patronos e Patronas com desfile e apresenta\u00e7\u00e3o&nbsp;<br \/>\nda hist\u00f3ria dos Santos e Santas das&nbsp; comunidades no palco principal.<\/span><\/span><\/p>\n<p>Dia festivo- 08 de dezembro \u2013 S\u00e1bado<br \/>\n\u00c0s 10h \u2013 Solenidade da Imaculada Concei\u00e7\u00e3o de Maria na Igreja de Todos&nbsp; os Santos.<br \/>\n\u00c0s 16h \u2013 Prociss\u00e3o com a presen\u00e7a de todos os padroeiros e padroeiras da&nbsp;nossa Par\u00f3quia Rede de Comunidades Mission\u00e1rias, encerrando com a&nbsp;tradicional B\u00ean\u00e7\u00e3o do Sant\u00edssimo Sacramento e os agradecimentos&nbsp; finais.<br \/>\nInforma\u00e7\u00f5es: Par\u00f3quia Nossa Senhora da Concei\u00e7\u00e3o de Ubat\u00e3<br \/>\nAdapta\u00e7\u00e3o e edi\u00e7\u00e3o de texto: Portal Cat\u00f3lico<\/p>\n","protected":false},"excerpt":{"rendered":"<p>A padroeira do munic\u00edpio baiano de Ubat\u00e3 est\u00e1 sendo celebrada desde o dia 29 de novembro.&nbsp; O tema central&nbsp; da festa \u00e9: &#8221; Igreja Mission\u00e1rio: um chamado \u00e0 Santidade&#8221;. Os preparativos&nbsp;da festa tive&nbsp; in\u00edcio \u00e0s 5h, com uma&nbsp; carreata de abertura da Festa pelas principais ruas da cidade, encerrando com a b\u00ean\u00e7\u00e3o dos ve\u00edculos (saindo&nbsp;da&nbsp;<\/p>\n<p><a class=\"btn btn-style\" href=\"http:\/\/portalcatolico.net\/portal\/nossa-senhora-da-conceicao-e-celebrada-em-ubata\/\">Continue Reading<\/a><\/p>\n","protected":false},"author":2,"featured_media":62341,"comment_status":"open","ping_status":"open","sticky":false,"template":"","format":"standard","meta":{"footnotes":""},"categories":[1],"tags":[],"class_list":["post-62334","post","type-post","status-publish","format-standard","has-post-thumbnail","hentry","category-agenda"],"_links":{"self":[{"href":"http:\/\/portalcatolico.net\/portal\/wp-json\/wp\/v2\/posts\/62334","targetHints":{"allow":["GET"]}}],"collection":[{"href":"http:\/\/portalcatolico.net\/portal\/wp-json\/wp\/v2\/posts"}],"about":[{"href":"http:\/\/portalcatolico.net\/portal\/wp-json\/wp\/v2\/types\/post"}],"author":[{"embeddable":true,"href":"http:\/\/portalcatolico.net\/portal\/wp-json\/wp\/v2\/users\/2"}],"replies":[{"embeddable":true,"href":"http:\/\/portalcatolico.net\/portal\/wp-json\/wp\/v2\/comments?post=62334"}],"version-history":[{"count":5,"href":"http:\/\/portalcatolico.net\/portal\/wp-json\/wp\/v2\/posts\/62334\/revisions"}],"predecessor-version":[{"id":62346,"href":"http:\/\/portalcatolico.net\/portal\/wp-json\/wp\/v2\/posts\/62334\/revisions\/62346"}],"wp:featuredmedia":[{"embeddable":true,"href":"http:\/\/portalcatolico.net\/portal\/wp-json\/wp\/v2\/media\/62341"}],"wp:attachment":[{"href":"http:\/\/portalcatolico.net\/portal\/wp-json\/wp\/v2\/media?parent=62334"}],"wp:term":[{"taxonomy":"category","embeddable":true,"href":"http:\/\/portalcatolico.net\/portal\/wp-json\/wp\/v2\/categories?post=62334"},{"taxonomy":"post_tag","embeddable":true,"href":"http:\/\/portalcatolico.net\/portal\/wp-json\/wp\/v2\/tags?post=62334"}],"curies":[{"name":"wp","href":"https:\/\/api.w.org\/{rel}","templated":true}]}}