{"id":62330,"date":"2018-12-05T08:24:00","date_gmt":"2018-12-05T11:24:00","guid":{"rendered":"http:\/\/portalcatolico.net\/portal\/?p=62330"},"modified":"2018-12-05T08:31:46","modified_gmt":"2018-12-05T11:31:46","slug":"papa-como-se-preparar-para-o-natal","status":"publish","type":"post","link":"http:\/\/portalcatolico.net\/portal\/papa-como-se-preparar-para-o-natal\/","title":{"rendered":"Papa: como se preparar para o Natal"},"content":{"rendered":"<p class=\"subtitle\">Tempo de se preparar para a vinda do Pr\u00edncipe da paz, &#8220;\u00e9 um tempo para nos pacificar&#8221;, diz o Papa.<\/p>\n<p>Preparar-se para o Natal buscando construir a paz na pr\u00f3pria alma, na fam\u00edlia e no mundo. Esta foi a exorta\u00e7\u00e3o do Papa Francisco hoje na homilia da Missa na Casa Santa Marta.<\/p>\n<p>Fazer a paz \u2013 recordou \u2013 \u00e9 um pouco como imitar Deus, fazendo-se humilde, sem falar mal dos outros ou feri-los. A reflex\u00e3o do Pont\u00edfice foi inspirada na Primeira Leitura (Isa\u00edas 11,1-10) e no Evangelho (Lc 10,21-24).<\/p>\n<p>Nas palavras de Isa\u00edas, h\u00e1 uma promessa de como ser\u00e3o os tempos quando o Senhor vir\u00e1: \u201co Senhor far\u00e1 a paz\u201d e \u201ctudo estar\u00e1 em paz\u201d, recordou o Papa. Isa\u00edas o descreve com \u201cimagens um pouco buc\u00f3licas\u201d, mas belas: \u201co lobo e o cordeiro viver\u00e3o juntos\u201d, \u201co leopardo deitar-se-\u00e1 ao lado do cabrito\u201d \u201ce uma crian\u00e7a os guiar\u00e1\u201d. Isso significa \u2013 explicou Francisco \u2013 que Jesus doa uma paz capaz de transformar a vida e a hist\u00f3ria e, por isso, \u00e9 chamado \u201cPr\u00edncipe da paz\u201d, porque vem para nos oferecer esta paz.<\/p>\n<p>Portanto, o tempo do Advento \u00e9 justamente \u201cum tempo para nos preparar a esta vinda do Pr\u00edncipe da paz. \u00c9 um tempo para nos pacificar\u201d, exortou o Papa. Antes de tudo, trata-se de uma pacifica\u00e7\u00e3o \u201cconosco, pacificar a alma\u201d. \u201cMuitas vezes, n\u00f3s n\u00e3o estamos em paz\u201d, mas ansiosos\u201d, \u201cangustiados, sem esperan\u00e7a\u201d. E a pergunta que o Senhor nos faz \u00e9: \u201cComo est\u00e1 a sua alma hoje? Est\u00e1 em paz?\u201d. Se n\u00e3o estiver, o Papa exorta a pedir ao Pr\u00edncipe da paz que a pacifique para se preparar ao encontro com Ele. N\u00f3s \u201cestamos acostumados a olhar para a alma dos outros\u201d, mas \u2013 este \u00e9 o convite de Francisco \u2013 \u201colhe para a pr\u00f3pria alma\u201d.<\/p>\n<p>Depois, \u00e9 preciso \u201cpacificar a casa\u201d, a fam\u00edlia. \u201cExistem muitas tristezas nas fam\u00edlias, muitas lutas, tantas pequenas guerras, desuni\u00e3o\u201d, afirmou ainda Francisco, convidando, tamb\u00e9m neste caso, a perguntar-se se a pr\u00f3pria fam\u00edlia est\u00e1 em paz ou em guerra, se um est\u00e1 contra o outro, se h\u00e1 desuni\u00e3o, se existem pontes \u201cou muros que nos separam\u201d.<\/p>\n<p>O terceiro \u00e2mbito que o Papa pede para pacificar \u00e9 o mundo onde \u201ch\u00e1 mais guerra do que paz\u201d, \u201ch\u00e1 tanta guerra, tanta desuni\u00e3o, tanto \u00f3dio, tanta explora\u00e7\u00e3o. N\u00e3o h\u00e1 paz\u201d:<\/p>\n<div class=\"nativo-inread\">Que fa\u00e7o para ajudar a paz no mundo? \u201cMas o mundo \u00e9 demasiado distante, padre\u201d. Mas o que fa\u00e7o para ajudar a paz no bairro, na escola, no local de trabalho? Eu dou sempre qualquer desculpa para entrar em guerra, para odiar, para falar mal dos outros? Isso \u00e9 fazer a guerra! Sou manso? Busco fazer pontes? N\u00e3o condeno? Vamos perguntar para as crian\u00e7as: \u201cO que voc\u00ea faz na escola? Quando h\u00e1 um colega que voc\u00ea n\u00e3o gosta, \u00e9 um pouco odioso ou \u00e9 fraco, voc\u00ea faz bullying ou faz as pazes? Procura fazer as pazes? Perdoo tudo?\u201d. Artes\u00e3o da paz. \u00c9 necess\u00e1rio este tempo de Advento, de prepara\u00e7\u00e3o para a vinda do Senhor, que \u00e9 o Pr\u00edncipe da paz.<\/div>\n<p>A paz sempre vai avante, nunca est\u00e1 parada, \u201c\u00e9 fecunda\u201d, \u201ccome\u00e7a na alma e depois volta \u00e0 alma ap\u00f3s fazer todo este caminho de pacifica\u00e7\u00e3o\u201d, evidenciou ainda o Papa:E fazer as pazes \u00e9 um pouco como imitar Deus, quando quis fazer as pazes conosco e nos perdoou, nos enviou Seu Filho para fazer a paz, a ser o Pr\u00edncipe da paz. Algu\u00e9m pode dizer: \u201cMas, padre, eu n\u00e3o estudei como se faz a paz, n\u00e3o sou uma pessoa culta, n\u00e3o sei, sou jovem, n\u00e3o sei \u2026\u201d. Jesus no Evangelho nos diz qual deve ser a atitude: \u201cEu te louvo, Pai, Senhor do c\u00e9u e da terra, porque escondeste essas coisas aos s\u00e1bios e inteligentes,&nbsp;e as revelaste aos pequeninos\u201d. Voc\u00ea n\u00e3o estudou, n\u00e3o \u00e9 s\u00e1bio\u2026 Fa\u00e7a-se pequeno, fa\u00e7a-se humilde, fa\u00e7a-se servidor dos outros. Fa\u00e7a-se pequeno e o Senhor lhe dar\u00e1 a capacidade de entender como se faz a paz e a for\u00e7a para faz\u00ea-la.<\/p>\n<p>A ora\u00e7\u00e3o neste tempo de Advento, portanto, deve ser \u201cpacificar\u201d, viver em paz na nossa alma, na fam\u00edlia, no bairro:E todas as vezes que n\u00f3s vemos que existe a possibilidade de uma pequena guerra, seja em casa, seja no meu cora\u00e7\u00e3o, seja na escola, no trabalho, parar e buscar fazer as pazes. Nunca, nunca ferir o outro. Nunca. \u201cE padre, como posso come\u00e7ar para n\u00e3o ferir o outro?\u201d \u2013 \u201cN\u00e3o falar mal dos outros, n\u00e3o lan\u00e7ar o primeiro canh\u00e3o\u201d. Se todos n\u00f3s fizermos isso \u2013 n\u00e3o falar mal dos outros \u2013 a paz ir\u00e1 avante. Que o Senhor nos prepare o cora\u00e7\u00e3o para o Natal do Pr\u00edncipe da paz. Mas nos prepare fazendo o poss\u00edvel, da nossa parte, para pacificar: pacificar o meu cora\u00e7\u00e3o, a minha alma, pacificar a minha fam\u00edlia, a escola, o bairro, o local de trabalho. Homens e mulheres de paz.(Vatican News)<\/p>\n<p>&nbsp;<\/p>\n","protected":false},"excerpt":{"rendered":"<p>Tempo de se preparar para a vinda do Pr\u00edncipe da paz, &#8220;\u00e9 um tempo para nos pacificar&#8221;, diz o Papa. Preparar-se para o Natal buscando construir a paz na pr\u00f3pria alma, na fam\u00edlia e no mundo. Esta foi a exorta\u00e7\u00e3o do Papa Francisco hoje na homilia da Missa na Casa Santa Marta. Fazer a paz&nbsp;<\/p>\n<p><a class=\"btn btn-style\" href=\"http:\/\/portalcatolico.net\/portal\/papa-como-se-preparar-para-o-natal\/\">Continue Reading<\/a><\/p>\n","protected":false},"author":2,"featured_media":62331,"comment_status":"open","ping_status":"open","sticky":false,"template":"","format":"standard","meta":{"footnotes":""},"categories":[5],"tags":[],"class_list":["post-62330","post","type-post","status-publish","format-standard","has-post-thumbnail","hentry","category-igreja_no_mundo"],"_links":{"self":[{"href":"http:\/\/portalcatolico.net\/portal\/wp-json\/wp\/v2\/posts\/62330","targetHints":{"allow":["GET"]}}],"collection":[{"href":"http:\/\/portalcatolico.net\/portal\/wp-json\/wp\/v2\/posts"}],"about":[{"href":"http:\/\/portalcatolico.net\/portal\/wp-json\/wp\/v2\/types\/post"}],"author":[{"embeddable":true,"href":"http:\/\/portalcatolico.net\/portal\/wp-json\/wp\/v2\/users\/2"}],"replies":[{"embeddable":true,"href":"http:\/\/portalcatolico.net\/portal\/wp-json\/wp\/v2\/comments?post=62330"}],"version-history":[{"count":2,"href":"http:\/\/portalcatolico.net\/portal\/wp-json\/wp\/v2\/posts\/62330\/revisions"}],"predecessor-version":[{"id":62333,"href":"http:\/\/portalcatolico.net\/portal\/wp-json\/wp\/v2\/posts\/62330\/revisions\/62333"}],"wp:featuredmedia":[{"embeddable":true,"href":"http:\/\/portalcatolico.net\/portal\/wp-json\/wp\/v2\/media\/62331"}],"wp:attachment":[{"href":"http:\/\/portalcatolico.net\/portal\/wp-json\/wp\/v2\/media?parent=62330"}],"wp:term":[{"taxonomy":"category","embeddable":true,"href":"http:\/\/portalcatolico.net\/portal\/wp-json\/wp\/v2\/categories?post=62330"},{"taxonomy":"post_tag","embeddable":true,"href":"http:\/\/portalcatolico.net\/portal\/wp-json\/wp\/v2\/tags?post=62330"}],"curies":[{"name":"wp","href":"https:\/\/api.w.org\/{rel}","templated":true}]}}