{"id":62321,"date":"2018-12-04T19:52:00","date_gmt":"2018-12-04T22:52:00","guid":{"rendered":"http:\/\/portalcatolico.net\/portal\/?p=62321"},"modified":"2018-12-04T19:53:16","modified_gmt":"2018-12-04T22:53:16","slug":"itajuipe-se-prepara-para-o-bate-coracao-2018","status":"publish","type":"post","link":"http:\/\/portalcatolico.net\/portal\/itajuipe-se-prepara-para-o-bate-coracao-2018\/","title":{"rendered":"ITAJU\u00cdPE SE PREPARA PARA O BATE CORA\u00c7\u00c3O 2018"},"content":{"rendered":"<div>\n<div><img loading=\"lazy\" decoding=\"async\" class=\"wp-image-62325 aligncenter\" src=\"http:\/\/portalcatolico.net\/portal\/wp-content\/uploads\/2018\/12\/45460298_873467212777351_5081822175258738688_n-300x150.jpg\" alt=\"\" width=\"740\" height=\"370\" srcset=\"http:\/\/portalcatolico.net\/portal\/wp-content\/uploads\/2018\/12\/45460298_873467212777351_5081822175258738688_n-300x150.jpg 300w, http:\/\/portalcatolico.net\/portal\/wp-content\/uploads\/2018\/12\/45460298_873467212777351_5081822175258738688_n-768x384.jpg 768w, http:\/\/portalcatolico.net\/portal\/wp-content\/uploads\/2018\/12\/45460298_873467212777351_5081822175258738688_n.jpg 960w\" sizes=\"auto, (max-width: 740px) 100vw, 740px\" \/>A comunidade cat\u00f3lica de Itaju\u00edpe se prepara para a 4\u00aa edi\u00e7\u00e3o Bate Cora\u00e7\u00e3o, uma caminhada em fam\u00edlia pelas principais ruas da cidade, que este ano tem como tema &#8220;Um Santo Natal e um 2019 de f\u00e9, paz e alegria&#8221;.<\/div>\n<div>O evento, que ser\u00e1 animado pelo Minist\u00e9rio Cristo Rei, acontecer\u00e1 dia 16 dezembro, \u00e0s 16:00 horas, saindo da Igreja de S\u00e3o Sebasti\u00e3o.<\/div>\n<div>Est\u00e3o sendo vendidas camisas no valor de R$ 25,00 reais, e adquirindo uma camisa o fiel concorre a pr\u00eamios, por\u00e9m a caminhada \u00e9 aberta a todas as pessoas, n\u00e3o estando condicionada ao uso da camisa.&nbsp;<\/div>\n<div>Para o Padre Edson Hagge, este \u00e9 um importante acontecimento a ser vivenciado pelas fam\u00edlias itajuipenses. &#8220;O objetivo do Bate Cora\u00e7\u00e3o na Cidade de Itaju\u00edpe uma melhor consci\u00eancia da viv\u00eancia da f\u00e9 crist\u00e3 com o olhar no \u00edcone e espiritualidade do precioso cora\u00e7\u00e3o de Jesus, a quem este povo \u00e9 consagrado.&#8221; afirma o padre, e completa &#8220;\u00c9 a oportunidade de, enquanto cidade, par\u00f3quia, povo de Deus, rezarmos e caminharmos juntos em prol de uma s\u00faplica, no caso deste quarto Bate Cora\u00e7\u00e3o, por um 2019 de f\u00e9, paz e alegria.&#8221;.<\/div>\n<div>Venha, traga sua fam\u00edlia, e participe deste grande evento de f\u00e9!<\/div>\n<div>&nbsp;<\/div>\n<\/div>\n<div>\n<div>\n<div>Fonte: Laura Moysetes Oliveira (PASCOM\/ITAJU\u00cdPE)<\/div>\n<\/div>\n<\/div>\n","protected":false},"excerpt":{"rendered":"<p>A comunidade cat\u00f3lica de Itaju\u00edpe se prepara para a 4\u00aa edi\u00e7\u00e3o Bate Cora\u00e7\u00e3o, uma caminhada em fam\u00edlia pelas principais ruas da cidade, que este ano tem como tema &#8220;Um Santo Natal e um 2019 de f\u00e9, paz e alegria&#8221;. O evento, que ser\u00e1 animado pelo Minist\u00e9rio Cristo Rei, acontecer\u00e1 dia 16 dezembro, \u00e0s 16:00 horas,&nbsp;<\/p>\n<p><a class=\"btn btn-style\" href=\"http:\/\/portalcatolico.net\/portal\/itajuipe-se-prepara-para-o-bate-coracao-2018\/\">Continue Reading<\/a><\/p>\n","protected":false},"author":2,"featured_media":62322,"comment_status":"open","ping_status":"open","sticky":false,"template":"","format":"standard","meta":{"footnotes":""},"categories":[1],"tags":[],"class_list":["post-62321","post","type-post","status-publish","format-standard","has-post-thumbnail","hentry","category-agenda"],"_links":{"self":[{"href":"http:\/\/portalcatolico.net\/portal\/wp-json\/wp\/v2\/posts\/62321","targetHints":{"allow":["GET"]}}],"collection":[{"href":"http:\/\/portalcatolico.net\/portal\/wp-json\/wp\/v2\/posts"}],"about":[{"href":"http:\/\/portalcatolico.net\/portal\/wp-json\/wp\/v2\/types\/post"}],"author":[{"embeddable":true,"href":"http:\/\/portalcatolico.net\/portal\/wp-json\/wp\/v2\/users\/2"}],"replies":[{"embeddable":true,"href":"http:\/\/portalcatolico.net\/portal\/wp-json\/wp\/v2\/comments?post=62321"}],"version-history":[{"count":3,"href":"http:\/\/portalcatolico.net\/portal\/wp-json\/wp\/v2\/posts\/62321\/revisions"}],"predecessor-version":[{"id":62326,"href":"http:\/\/portalcatolico.net\/portal\/wp-json\/wp\/v2\/posts\/62321\/revisions\/62326"}],"wp:featuredmedia":[{"embeddable":true,"href":"http:\/\/portalcatolico.net\/portal\/wp-json\/wp\/v2\/media\/62322"}],"wp:attachment":[{"href":"http:\/\/portalcatolico.net\/portal\/wp-json\/wp\/v2\/media?parent=62321"}],"wp:term":[{"taxonomy":"category","embeddable":true,"href":"http:\/\/portalcatolico.net\/portal\/wp-json\/wp\/v2\/categories?post=62321"},{"taxonomy":"post_tag","embeddable":true,"href":"http:\/\/portalcatolico.net\/portal\/wp-json\/wp\/v2\/tags?post=62321"}],"curies":[{"name":"wp","href":"https:\/\/api.w.org\/{rel}","templated":true}]}}