{"id":62315,"date":"2018-12-04T19:42:54","date_gmt":"2018-12-04T22:42:54","guid":{"rendered":"http:\/\/portalcatolico.net\/portal\/?p=62315"},"modified":"2018-12-04T19:43:25","modified_gmt":"2018-12-04T22:43:25","slug":"nossa-senhora-da-conceicao-e-celebrada-em-urucuca","status":"publish","type":"post","link":"http:\/\/portalcatolico.net\/portal\/nossa-senhora-da-conceicao-e-celebrada-em-urucuca\/","title":{"rendered":"Nossa Senhora da Concei\u00e7\u00e3o \u00e9 celebrada em Uru\u00e7uca"},"content":{"rendered":"<p>Est\u00e1 acontecendo na cidade de Uru\u00e7uca (BA),&nbsp;a Festa de Nossa Senhora da&nbsp;Concei\u00e7\u00e3o, padroeira da cidade.<\/p>\n<p>O tema central da festa \u00e9: &#8220;Em Jesus, com&nbsp;Maria, restauramos a vida&#8221;.<\/p>\n<p>O noven\u00e1rio teve in\u00edcio no dia 29 de novembro e&nbsp;segue at\u00e9 o dia festivo, 08 de dezembro, feriado municipal religioso.<\/p>\n<p>No dia festivo, a programa\u00e7\u00e3o \u00e9 especial:<\/p>\n<p>05h Alvorada Festiva<br \/>\n06h Oficio de Nossa Senhora<br \/>\n06:30H, Missa das Inten\u00e7\u00f5es<br \/>\n10h Missa Solene<br \/>\n15h,Missa para as crian\u00e7as<br \/>\n17h, Caminhada f\u00e9 e b\u00ean\u00e7\u00e3o do Sant\u00edssimo Sacramento<\/p>\n<p>&nbsp; &nbsp; &nbsp; &nbsp; &nbsp; &nbsp; &nbsp; &nbsp; &nbsp; &nbsp; &nbsp; &nbsp; &nbsp; &nbsp; &nbsp; &nbsp; &nbsp; &nbsp; &nbsp;<strong>Confira a programa\u00e7\u00e3o completa em anexo!<\/strong><\/p>\n<p><img loading=\"lazy\" decoding=\"async\" class=\"wp-image-62316 aligncenter\" src=\"http:\/\/portalcatolico.net\/portal\/wp-content\/uploads\/2018\/12\/45041692_732236440470620_435262886403637248_n-225x300.jpg\" alt=\"\" width=\"739\" height=\"985\" srcset=\"http:\/\/portalcatolico.net\/portal\/wp-content\/uploads\/2018\/12\/45041692_732236440470620_435262886403637248_n-225x300.jpg 225w, http:\/\/portalcatolico.net\/portal\/wp-content\/uploads\/2018\/12\/45041692_732236440470620_435262886403637248_n.jpg 720w\" sizes=\"auto, (max-width: 739px) 100vw, 739px\" \/><\/p>\n<p><img loading=\"lazy\" decoding=\"async\" class=\"wp-image-62317 aligncenter\" src=\"http:\/\/portalcatolico.net\/portal\/wp-content\/uploads\/2018\/12\/44991669_732236493803948_5703864320257949696_n-225x300.jpg\" alt=\"\" width=\"737\" height=\"983\" srcset=\"http:\/\/portalcatolico.net\/portal\/wp-content\/uploads\/2018\/12\/44991669_732236493803948_5703864320257949696_n-225x300.jpg 225w, http:\/\/portalcatolico.net\/portal\/wp-content\/uploads\/2018\/12\/44991669_732236493803948_5703864320257949696_n.jpg 720w\" sizes=\"auto, (max-width: 737px) 100vw, 737px\" \/><\/p>\n","protected":false},"excerpt":{"rendered":"<p>Est\u00e1 acontecendo na cidade de Uru\u00e7uca (BA),&nbsp;a Festa de Nossa Senhora da&nbsp;Concei\u00e7\u00e3o, padroeira da cidade. O tema central da festa \u00e9: &#8220;Em Jesus, com&nbsp;Maria, restauramos a vida&#8221;. O noven\u00e1rio teve in\u00edcio no dia 29 de novembro e&nbsp;segue at\u00e9 o dia festivo, 08 de dezembro, feriado municipal religioso. No dia festivo, a programa\u00e7\u00e3o \u00e9 especial: 05h&nbsp;<\/p>\n<p><a class=\"btn btn-style\" href=\"http:\/\/portalcatolico.net\/portal\/nossa-senhora-da-conceicao-e-celebrada-em-urucuca\/\">Continue Reading<\/a><\/p>\n","protected":false},"author":2,"featured_media":62318,"comment_status":"open","ping_status":"open","sticky":false,"template":"","format":"standard","meta":{"footnotes":""},"categories":[4],"tags":[],"class_list":["post-62315","post","type-post","status-publish","format-standard","has-post-thumbnail","hentry","category-destaques"],"_links":{"self":[{"href":"http:\/\/portalcatolico.net\/portal\/wp-json\/wp\/v2\/posts\/62315","targetHints":{"allow":["GET"]}}],"collection":[{"href":"http:\/\/portalcatolico.net\/portal\/wp-json\/wp\/v2\/posts"}],"about":[{"href":"http:\/\/portalcatolico.net\/portal\/wp-json\/wp\/v2\/types\/post"}],"author":[{"embeddable":true,"href":"http:\/\/portalcatolico.net\/portal\/wp-json\/wp\/v2\/users\/2"}],"replies":[{"embeddable":true,"href":"http:\/\/portalcatolico.net\/portal\/wp-json\/wp\/v2\/comments?post=62315"}],"version-history":[{"count":2,"href":"http:\/\/portalcatolico.net\/portal\/wp-json\/wp\/v2\/posts\/62315\/revisions"}],"predecessor-version":[{"id":62320,"href":"http:\/\/portalcatolico.net\/portal\/wp-json\/wp\/v2\/posts\/62315\/revisions\/62320"}],"wp:featuredmedia":[{"embeddable":true,"href":"http:\/\/portalcatolico.net\/portal\/wp-json\/wp\/v2\/media\/62318"}],"wp:attachment":[{"href":"http:\/\/portalcatolico.net\/portal\/wp-json\/wp\/v2\/media?parent=62315"}],"wp:term":[{"taxonomy":"category","embeddable":true,"href":"http:\/\/portalcatolico.net\/portal\/wp-json\/wp\/v2\/categories?post=62315"},{"taxonomy":"post_tag","embeddable":true,"href":"http:\/\/portalcatolico.net\/portal\/wp-json\/wp\/v2\/tags?post=62315"}],"curies":[{"name":"wp","href":"https:\/\/api.w.org\/{rel}","templated":true}]}}