{"id":62306,"date":"2018-12-04T06:29:07","date_gmt":"2018-12-04T09:29:07","guid":{"rendered":"http:\/\/portalcatolico.net\/portal\/?p=62306"},"modified":"2018-12-04T06:29:29","modified_gmt":"2018-12-04T09:29:29","slug":"caritas-brasileira-vai-proporcionar-acolhimento-e-integracao-a-imigrantes","status":"publish","type":"post","link":"http:\/\/portalcatolico.net\/portal\/caritas-brasileira-vai-proporcionar-acolhimento-e-integracao-a-imigrantes\/","title":{"rendered":"C\u00e1ritas Brasileira vai proporcionar acolhimento e integra\u00e7\u00e3o a imigrantes"},"content":{"rendered":"<p>Em parceria com a<b>&nbsp;C\u00e1ritas Su\u00ed\u00e7a<\/b>, a&nbsp;<b>C\u00e1ritas Brasileira&nbsp;<\/b>iniciou, em sete capitais do pa\u00eds, o<b>Programa Pana<\/b>. Uma iniciativa de acolhida,&nbsp;<b>prote\u00e7\u00e3o e integra\u00e7\u00e3o de imigrantes no Brasil.<\/b><\/p>\n<p>O nome do programa,&nbsp;<b>Pana<\/b>, \u00e9 uma palavra da l\u00edngua ind\u00edgena&nbsp;<b>Warao<\/b>, que significa &#8216;<b>amigo&#8217;<\/b>. Os waraos s\u00e3o uma&nbsp;<b>etnia ind\u00edgena venezuelana<\/b>, fortemente atingida pela crise pol\u00edtica e econ\u00f4mica do pa\u00eds. Fugindo da crise e da fome, foram os primeiros a atravessar a fronteira e chegar a&nbsp;<b>Pacaraima (RR)<\/b>&nbsp;em busca de ajuda e formas de sobreviv\u00eancia&#8230;.<a href=\"https:\/\/www.a12.com\/redacaoa12\/igreja\/caritas-brasileira-vai-proporcionar-acolhimento-e-integracao-a-imigrantes\"><strong>continue lendo<\/strong><\/a><\/p>\n<p class=\"wg-text__source\">&nbsp;<\/p>\n","protected":false},"excerpt":{"rendered":"<p>Em parceria com a&nbsp;C\u00e1ritas Su\u00ed\u00e7a, a&nbsp;C\u00e1ritas Brasileira&nbsp;iniciou, em sete capitais do pa\u00eds, oPrograma Pana. Uma iniciativa de acolhida,&nbsp;prote\u00e7\u00e3o e integra\u00e7\u00e3o de imigrantes no Brasil. O nome do programa,&nbsp;Pana, \u00e9 uma palavra da l\u00edngua ind\u00edgena&nbsp;Warao, que significa &#8216;amigo&#8217;. Os waraos s\u00e3o uma&nbsp;etnia ind\u00edgena venezuelana, fortemente atingida pela crise pol\u00edtica e econ\u00f4mica do pa\u00eds. Fugindo da crise&nbsp;<\/p>\n<p><a class=\"btn btn-style\" href=\"http:\/\/portalcatolico.net\/portal\/caritas-brasileira-vai-proporcionar-acolhimento-e-integracao-a-imigrantes\/\">Continue Reading<\/a><\/p>\n","protected":false},"author":2,"featured_media":62307,"comment_status":"open","ping_status":"open","sticky":false,"template":"","format":"standard","meta":{"footnotes":""},"categories":[4],"tags":[],"class_list":["post-62306","post","type-post","status-publish","format-standard","has-post-thumbnail","hentry","category-destaques"],"_links":{"self":[{"href":"http:\/\/portalcatolico.net\/portal\/wp-json\/wp\/v2\/posts\/62306","targetHints":{"allow":["GET"]}}],"collection":[{"href":"http:\/\/portalcatolico.net\/portal\/wp-json\/wp\/v2\/posts"}],"about":[{"href":"http:\/\/portalcatolico.net\/portal\/wp-json\/wp\/v2\/types\/post"}],"author":[{"embeddable":true,"href":"http:\/\/portalcatolico.net\/portal\/wp-json\/wp\/v2\/users\/2"}],"replies":[{"embeddable":true,"href":"http:\/\/portalcatolico.net\/portal\/wp-json\/wp\/v2\/comments?post=62306"}],"version-history":[{"count":1,"href":"http:\/\/portalcatolico.net\/portal\/wp-json\/wp\/v2\/posts\/62306\/revisions"}],"predecessor-version":[{"id":62308,"href":"http:\/\/portalcatolico.net\/portal\/wp-json\/wp\/v2\/posts\/62306\/revisions\/62308"}],"wp:featuredmedia":[{"embeddable":true,"href":"http:\/\/portalcatolico.net\/portal\/wp-json\/wp\/v2\/media\/62307"}],"wp:attachment":[{"href":"http:\/\/portalcatolico.net\/portal\/wp-json\/wp\/v2\/media?parent=62306"}],"wp:term":[{"taxonomy":"category","embeddable":true,"href":"http:\/\/portalcatolico.net\/portal\/wp-json\/wp\/v2\/categories?post=62306"},{"taxonomy":"post_tag","embeddable":true,"href":"http:\/\/portalcatolico.net\/portal\/wp-json\/wp\/v2\/tags?post=62306"}],"curies":[{"name":"wp","href":"https:\/\/api.w.org\/{rel}","templated":true}]}}