{"id":62301,"date":"2018-12-03T22:21:36","date_gmt":"2018-12-04T01:21:36","guid":{"rendered":"http:\/\/portalcatolico.net\/portal\/?p=62301"},"modified":"2018-12-03T22:22:13","modified_gmt":"2018-12-04T01:22:13","slug":"porto-seguro-paroquia-nossa-senhora-do-sagrado-coracao-realizou-o-primeiro-festival-de-acaraje-em-prol-da-construcao-da-igreja","status":"publish","type":"post","link":"http:\/\/portalcatolico.net\/portal\/porto-seguro-paroquia-nossa-senhora-do-sagrado-coracao-realizou-o-primeiro-festival-de-acaraje-em-prol-da-construcao-da-igreja\/","title":{"rendered":"PORTO SEGURO-  PAR\u00d3QUIA NOSSA SENHORA DO SAGRADO CORA\u00c7\u00c3O REALIZOU O PRIMEIRO FESTIVAL DE ACARAJ\u00c9 EM PROL DA CONSTRU\u00c7\u00c3O DA IGREJA."},"content":{"rendered":"<p><img loading=\"lazy\" decoding=\"async\" class=\" wp-image-62304 alignleft\" src=\"http:\/\/portalcatolico.net\/portal\/wp-content\/uploads\/2018\/12\/WhatsApp-Image-2018-12-03-at-18.13.30-1-225x300.jpeg\" alt=\"\" width=\"210\" height=\"280\" srcset=\"http:\/\/portalcatolico.net\/portal\/wp-content\/uploads\/2018\/12\/WhatsApp-Image-2018-12-03-at-18.13.30-1-225x300.jpeg 225w, http:\/\/portalcatolico.net\/portal\/wp-content\/uploads\/2018\/12\/WhatsApp-Image-2018-12-03-at-18.13.30-1-768x1024.jpeg 768w, http:\/\/portalcatolico.net\/portal\/wp-content\/uploads\/2018\/12\/WhatsApp-Image-2018-12-03-at-18.13.30-1.jpeg 960w\" sizes=\"auto, (max-width: 210px) 100vw, 210px\" \/>Foi realizado no domingo,02, o 1\u00b0 Festival de Acaraj\u00e9 em prol da constru\u00e7\u00e3o da Igreja Nossa&nbsp; Senhora do Sagrado Cora\u00e7\u00e3o, no Parque Ecol\u00f3gico, Porto Seguro . O evento ocorreu no espa\u00e7o onde est\u00e1 sendo constru\u00edda a Par\u00f3quia, na Rua Helena Barros (ao lado do SESC).<\/p>\n<p>De acordo com o padre Ant\u00f4nio Carlos, o evento superou todas as expectativas&nbsp; \u201cO objetivo desse festival foi o de &nbsp;arrecadar recursos para a continua\u00e7\u00e3o da &nbsp;constru\u00e7\u00e3o de nossa igreja.Estou feliz com a comunidade que muito colaborou para a realiza\u00e7\u00e3o desse evento&#8221;, disse o padre.<\/p>\n<p>Iraci Vieira, uma das organizadoras do evento, tamb\u00e9m demonstrou muito satisfeita com o resultado &#8221; Foi um sucesso! Eu pensei que seria um evento pequeno, mas foi crescendo de tal maneira que eu n\u00e3o esperava, gra\u00e7as a Deus deu tudo certo. Muito trabalho, mas valeu a pena&#8221;, reitera Iraci.<\/p>\n<p>O dinheiro arrecadado ser\u00e1 destinado a constru\u00e7\u00e3o da igreja que est\u00e1 em fase de constru\u00e7\u00e3o.<\/p>\n<p>Texto: Adriana Alc\u00e2ntara<\/p>\n<p>&nbsp;<\/p>\n","protected":false},"excerpt":{"rendered":"<p>Foi realizado no domingo,02, o 1\u00b0 Festival de Acaraj\u00e9 em prol da constru\u00e7\u00e3o da Igreja Nossa&nbsp; Senhora do Sagrado Cora\u00e7\u00e3o, no Parque Ecol\u00f3gico, Porto Seguro . O evento ocorreu no espa\u00e7o onde est\u00e1 sendo constru\u00edda a Par\u00f3quia, na Rua Helena Barros (ao lado do SESC). De acordo com o padre Ant\u00f4nio Carlos, o evento superou&nbsp;<\/p>\n<p><a class=\"btn btn-style\" href=\"http:\/\/portalcatolico.net\/portal\/porto-seguro-paroquia-nossa-senhora-do-sagrado-coracao-realizou-o-primeiro-festival-de-acaraje-em-prol-da-construcao-da-igreja\/\">Continue Reading<\/a><\/p>\n","protected":false},"author":2,"featured_media":62302,"comment_status":"open","ping_status":"open","sticky":false,"template":"","format":"standard","meta":{"footnotes":""},"categories":[2],"tags":[],"class_list":["post-62301","post","type-post","status-publish","format-standard","has-post-thumbnail","hentry","category-eventos"],"_links":{"self":[{"href":"http:\/\/portalcatolico.net\/portal\/wp-json\/wp\/v2\/posts\/62301","targetHints":{"allow":["GET"]}}],"collection":[{"href":"http:\/\/portalcatolico.net\/portal\/wp-json\/wp\/v2\/posts"}],"about":[{"href":"http:\/\/portalcatolico.net\/portal\/wp-json\/wp\/v2\/types\/post"}],"author":[{"embeddable":true,"href":"http:\/\/portalcatolico.net\/portal\/wp-json\/wp\/v2\/users\/2"}],"replies":[{"embeddable":true,"href":"http:\/\/portalcatolico.net\/portal\/wp-json\/wp\/v2\/comments?post=62301"}],"version-history":[{"count":2,"href":"http:\/\/portalcatolico.net\/portal\/wp-json\/wp\/v2\/posts\/62301\/revisions"}],"predecessor-version":[{"id":62305,"href":"http:\/\/portalcatolico.net\/portal\/wp-json\/wp\/v2\/posts\/62301\/revisions\/62305"}],"wp:featuredmedia":[{"embeddable":true,"href":"http:\/\/portalcatolico.net\/portal\/wp-json\/wp\/v2\/media\/62302"}],"wp:attachment":[{"href":"http:\/\/portalcatolico.net\/portal\/wp-json\/wp\/v2\/media?parent=62301"}],"wp:term":[{"taxonomy":"category","embeddable":true,"href":"http:\/\/portalcatolico.net\/portal\/wp-json\/wp\/v2\/categories?post=62301"},{"taxonomy":"post_tag","embeddable":true,"href":"http:\/\/portalcatolico.net\/portal\/wp-json\/wp\/v2\/tags?post=62301"}],"curies":[{"name":"wp","href":"https:\/\/api.w.org\/{rel}","templated":true}]}}