{"id":62294,"date":"2018-12-04T00:31:42","date_gmt":"2018-12-04T03:31:42","guid":{"rendered":"http:\/\/portalcatolico.net\/portal\/?p=62294"},"modified":"2018-12-03T20:32:30","modified_gmt":"2018-12-03T23:32:30","slug":"ejc-de-itajuipe-realiza-ii-torneio-do-ejc","status":"publish","type":"post","link":"http:\/\/portalcatolico.net\/portal\/ejc-de-itajuipe-realiza-ii-torneio-do-ejc\/","title":{"rendered":"EJC DE ITAJU\u00cdPE REALIZA II TORNEIO DO EJC"},"content":{"rendered":"<div>Acontecer\u00e1 dia 12 de dezembro, no Gin\u00e1sio de Esportes Elifio Evangelista dos Santos, o&nbsp; II TORNEIO DO EJC, realizado pelo EJC da Par\u00f3quia do Sagrado Cora\u00e7\u00e3o de Jesus de Itaju\u00edpe.<\/div>\n<div>&nbsp;<\/div>\n<div>O evento, organizado pelos jovens Joabson Nascimento (Coordenador do Movimento), Higor Reis,&nbsp; Victor Vinhas,&nbsp; Manoel Janderson, Luan Mattos, Isabela Sena, Raizza Abjaude e Mateus Nascimento, contar\u00e1 com disputas nas modalidades de Futebol de Sal\u00e3o (Futsal) e Handebol.&nbsp;<\/div>\n<div>&nbsp;<\/div>\n<div>As inscri\u00e7\u00f5es estar\u00e3o abertas at\u00e9 o dia 05 de dezembro e devem ser efetuadas na Igreja Matriz. Cada participante dever\u00e1 pagar uma taxa no valor de R$ 5,00 reais juntamente a um produto de limpeza que ser\u00e1 destinado ao GACC de Itabuna. Qualquer membro do EJC de Itaju\u00edpe pode participar.&nbsp;<\/div>\n<div>&nbsp;<\/div>\n<div class=\"gmail_signature\" dir=\"ltr\">\n<div dir=\"ltr\">\n<div>\n<div dir=\"ltr\">\n<div dir=\"ltr\">\n<div><b>Texto:Laura Moysetes Oliveira.<\/b><\/div>\n<\/div>\n<\/div>\n<\/div>\n<\/div>\n<\/div>\n","protected":false},"excerpt":{"rendered":"<p>Acontecer\u00e1 dia 12 de dezembro, no Gin\u00e1sio de Esportes Elifio Evangelista dos Santos, o&nbsp; II TORNEIO DO EJC, realizado pelo EJC da Par\u00f3quia do Sagrado Cora\u00e7\u00e3o de Jesus de Itaju\u00edpe. &nbsp; O evento, organizado pelos jovens Joabson Nascimento (Coordenador do Movimento), Higor Reis,&nbsp; Victor Vinhas,&nbsp; Manoel Janderson, Luan Mattos, Isabela Sena, Raizza Abjaude e Mateus&nbsp;<\/p>\n<p><a class=\"btn btn-style\" href=\"http:\/\/portalcatolico.net\/portal\/ejc-de-itajuipe-realiza-ii-torneio-do-ejc\/\">Continue Reading<\/a><\/p>\n","protected":false},"author":2,"featured_media":62295,"comment_status":"open","ping_status":"open","sticky":false,"template":"","format":"standard","meta":{"footnotes":""},"categories":[1],"tags":[],"class_list":["post-62294","post","type-post","status-publish","format-standard","has-post-thumbnail","hentry","category-agenda"],"_links":{"self":[{"href":"http:\/\/portalcatolico.net\/portal\/wp-json\/wp\/v2\/posts\/62294","targetHints":{"allow":["GET"]}}],"collection":[{"href":"http:\/\/portalcatolico.net\/portal\/wp-json\/wp\/v2\/posts"}],"about":[{"href":"http:\/\/portalcatolico.net\/portal\/wp-json\/wp\/v2\/types\/post"}],"author":[{"embeddable":true,"href":"http:\/\/portalcatolico.net\/portal\/wp-json\/wp\/v2\/users\/2"}],"replies":[{"embeddable":true,"href":"http:\/\/portalcatolico.net\/portal\/wp-json\/wp\/v2\/comments?post=62294"}],"version-history":[{"count":2,"href":"http:\/\/portalcatolico.net\/portal\/wp-json\/wp\/v2\/posts\/62294\/revisions"}],"predecessor-version":[{"id":62297,"href":"http:\/\/portalcatolico.net\/portal\/wp-json\/wp\/v2\/posts\/62294\/revisions\/62297"}],"wp:featuredmedia":[{"embeddable":true,"href":"http:\/\/portalcatolico.net\/portal\/wp-json\/wp\/v2\/media\/62295"}],"wp:attachment":[{"href":"http:\/\/portalcatolico.net\/portal\/wp-json\/wp\/v2\/media?parent=62294"}],"wp:term":[{"taxonomy":"category","embeddable":true,"href":"http:\/\/portalcatolico.net\/portal\/wp-json\/wp\/v2\/categories?post=62294"},{"taxonomy":"post_tag","embeddable":true,"href":"http:\/\/portalcatolico.net\/portal\/wp-json\/wp\/v2\/tags?post=62294"}],"curies":[{"name":"wp","href":"https:\/\/api.w.org\/{rel}","templated":true}]}}