{"id":62285,"date":"2018-12-03T19:17:08","date_gmt":"2018-12-03T22:17:08","guid":{"rendered":"http:\/\/portalcatolico.net\/portal\/?p=62285"},"modified":"2018-12-03T19:20:49","modified_gmt":"2018-12-03T22:20:49","slug":"jovens-catolicos-se-mobilizam-para-ajudar-campanha-em-prol-do-gacc","status":"publish","type":"post","link":"http:\/\/portalcatolico.net\/portal\/jovens-catolicos-se-mobilizam-para-ajudar-campanha-em-prol-do-gacc\/","title":{"rendered":"Jovens cat\u00f3licos se mobilizam para ajudar Campanha em prol do GACC"},"content":{"rendered":"<div dir=\"auto\"><img loading=\"lazy\" decoding=\"async\" class=\"wp-image-62288 aligncenter\" src=\"http:\/\/portalcatolico.net\/portal\/wp-content\/uploads\/2018\/12\/WhatsApp-Image-2018-12-01-at-12.57.37-300x225.jpeg\" alt=\"\" width=\"744\" height=\"558\" srcset=\"http:\/\/portalcatolico.net\/portal\/wp-content\/uploads\/2018\/12\/WhatsApp-Image-2018-12-01-at-12.57.37-300x225.jpeg 300w, http:\/\/portalcatolico.net\/portal\/wp-content\/uploads\/2018\/12\/WhatsApp-Image-2018-12-01-at-12.57.37-768x576.jpeg 768w, http:\/\/portalcatolico.net\/portal\/wp-content\/uploads\/2018\/12\/WhatsApp-Image-2018-12-01-at-12.57.37-1024x768.jpeg 1024w, http:\/\/portalcatolico.net\/portal\/wp-content\/uploads\/2018\/12\/WhatsApp-Image-2018-12-01-at-12.57.37.jpeg 1152w\" sizes=\"auto, (max-width: 744px) 100vw, 744px\" \/>Um grupo de jovens da Par\u00f3quia Sagrado Cora\u00e7\u00e3o de Jesus, situada em Itaju\u00edpe (BA) no sul da Bahia, realizou, neste s\u00e1bado (01),&nbsp; a Campanha &#8220;Pare pra mim&#8221;, em prol do GACC (Grupo de Apoio a Crian\u00e7a com C\u00e2ncer).<\/div>\n<div dir=\"auto\">No domingo(02), uma equipe da Pol\u00edcia Rodovi\u00e1ria Federal participou da reuni\u00e3o do grupo, e os jovens entregaram as doa\u00e7\u00f5es aos policiais.<\/div>\n<div dir=\"auto\">A Fam\u00edlia EJC da Par\u00f3quia de Itaju\u00edpe&nbsp; agradece imensamente a toda a comunidade pela doa\u00e7\u00e3o de mais de meia tonelada de alimentos e produtos de limpeza.<\/div>\n<div dir=\"auto\">A igreja matriz do Sagrado Cora\u00e7\u00e3o de Jesus pertence \u00e0 Diocese de Ilh\u00e9us e tem como respons\u00e1veis pela par\u00f3quia, o Pe. Edson Hagge.<\/div>\n<div dir=\"auto\">A equipe do Portal Cat\u00f3lico de Not\u00edcias tamb\u00e9m parabeniza os&nbsp; jovens e os organizadores que tiveram esta ideia brilhante de ajudar a esta Institui\u00e7\u00e3o que tem um papel t\u00e3o importante na sociedade, e uma miss\u00e3o t\u00e3o bonita.<\/div>\n<div dir=\"auto\">&#8220;A caridade ajuda a compreender a verdade, e a verdade exige gestos de caridade.&#8221; (PAPA FRANCISCO).<\/div>\n<div dir=\"auto\">&nbsp;<\/div>\n<div dir=\"auto\">Informa\u00e7\u00f5es e fotos: EJC<\/div>\n<div dir=\"auto\">&nbsp;<\/div>\n<div dir=\"auto\">Edi\u00e7\u00e3o de texto:Portal Cat\u00f3lico<\/div>\n<div dir=\"auto\"><img loading=\"lazy\" decoding=\"async\" class=\"alignnone wp-image-62290\" src=\"http:\/\/portalcatolico.net\/portal\/wp-content\/uploads\/2018\/12\/WhatsApp-Image-2018-12-02-at-19.17.32-300x225.jpeg\" alt=\"\" width=\"393\" height=\"295\" srcset=\"http:\/\/portalcatolico.net\/portal\/wp-content\/uploads\/2018\/12\/WhatsApp-Image-2018-12-02-at-19.17.32-300x225.jpeg 300w, http:\/\/portalcatolico.net\/portal\/wp-content\/uploads\/2018\/12\/WhatsApp-Image-2018-12-02-at-19.17.32-768x576.jpeg 768w, http:\/\/portalcatolico.net\/portal\/wp-content\/uploads\/2018\/12\/WhatsApp-Image-2018-12-02-at-19.17.32-1024x768.jpeg 1024w, http:\/\/portalcatolico.net\/portal\/wp-content\/uploads\/2018\/12\/WhatsApp-Image-2018-12-02-at-19.17.32.jpeg 1032w\" sizes=\"auto, (max-width: 393px) 100vw, 393px\" \/> <img loading=\"lazy\" decoding=\"async\" class=\"alignnone size-medium wp-image-62291\" src=\"http:\/\/portalcatolico.net\/portal\/wp-content\/uploads\/2018\/12\/47294953_899267360197336_404192470214115328_n-300x300.jpg\" alt=\"\" width=\"300\" height=\"300\" srcset=\"http:\/\/portalcatolico.net\/portal\/wp-content\/uploads\/2018\/12\/47294953_899267360197336_404192470214115328_n-300x300.jpg 300w, http:\/\/portalcatolico.net\/portal\/wp-content\/uploads\/2018\/12\/47294953_899267360197336_404192470214115328_n-150x150.jpg 150w, http:\/\/portalcatolico.net\/portal\/wp-content\/uploads\/2018\/12\/47294953_899267360197336_404192470214115328_n-768x768.jpg 768w, http:\/\/portalcatolico.net\/portal\/wp-content\/uploads\/2018\/12\/47294953_899267360197336_404192470214115328_n.jpg 960w\" sizes=\"auto, (max-width: 300px) 100vw, 300px\" \/><\/div>\n","protected":false},"excerpt":{"rendered":"<p>Um grupo de jovens da Par\u00f3quia Sagrado Cora\u00e7\u00e3o de Jesus, situada em Itaju\u00edpe (BA) no sul da Bahia, realizou, neste s\u00e1bado (01),&nbsp; a Campanha &#8220;Pare pra mim&#8221;, em prol do GACC (Grupo de Apoio a Crian\u00e7a com C\u00e2ncer). No domingo(02), uma equipe da Pol\u00edcia Rodovi\u00e1ria Federal participou da reuni\u00e3o do grupo, e os jovens entregaram&nbsp;<\/p>\n<p><a class=\"btn btn-style\" href=\"http:\/\/portalcatolico.net\/portal\/jovens-catolicos-se-mobilizam-para-ajudar-campanha-em-prol-do-gacc\/\">Continue Reading<\/a><\/p>\n","protected":false},"author":2,"featured_media":62286,"comment_status":"open","ping_status":"open","sticky":false,"template":"","format":"standard","meta":{"footnotes":""},"categories":[4],"tags":[],"class_list":["post-62285","post","type-post","status-publish","format-standard","has-post-thumbnail","hentry","category-destaques"],"_links":{"self":[{"href":"http:\/\/portalcatolico.net\/portal\/wp-json\/wp\/v2\/posts\/62285","targetHints":{"allow":["GET"]}}],"collection":[{"href":"http:\/\/portalcatolico.net\/portal\/wp-json\/wp\/v2\/posts"}],"about":[{"href":"http:\/\/portalcatolico.net\/portal\/wp-json\/wp\/v2\/types\/post"}],"author":[{"embeddable":true,"href":"http:\/\/portalcatolico.net\/portal\/wp-json\/wp\/v2\/users\/2"}],"replies":[{"embeddable":true,"href":"http:\/\/portalcatolico.net\/portal\/wp-json\/wp\/v2\/comments?post=62285"}],"version-history":[{"count":4,"href":"http:\/\/portalcatolico.net\/portal\/wp-json\/wp\/v2\/posts\/62285\/revisions"}],"predecessor-version":[{"id":62293,"href":"http:\/\/portalcatolico.net\/portal\/wp-json\/wp\/v2\/posts\/62285\/revisions\/62293"}],"wp:featuredmedia":[{"embeddable":true,"href":"http:\/\/portalcatolico.net\/portal\/wp-json\/wp\/v2\/media\/62286"}],"wp:attachment":[{"href":"http:\/\/portalcatolico.net\/portal\/wp-json\/wp\/v2\/media?parent=62285"}],"wp:term":[{"taxonomy":"category","embeddable":true,"href":"http:\/\/portalcatolico.net\/portal\/wp-json\/wp\/v2\/categories?post=62285"},{"taxonomy":"post_tag","embeddable":true,"href":"http:\/\/portalcatolico.net\/portal\/wp-json\/wp\/v2\/tags?post=62285"}],"curies":[{"name":"wp","href":"https:\/\/api.w.org\/{rel}","templated":true}]}}