{"id":62280,"date":"2018-12-03T19:04:56","date_gmt":"2018-12-03T22:04:56","guid":{"rendered":"http:\/\/portalcatolico.net\/portal\/?p=62280"},"modified":"2018-12-03T19:11:07","modified_gmt":"2018-12-03T22:11:07","slug":"conheca-o-projeto-santinhoz-versao-dos-santos-catolicos-em-desenho-animado","status":"publish","type":"post","link":"http:\/\/portalcatolico.net\/portal\/conheca-o-projeto-santinhoz-versao-dos-santos-catolicos-em-desenho-animado\/","title":{"rendered":"Conhe\u00e7a o projeto &#8220;Santinhoz&#8221; vers\u00e3o dos santos cat\u00f3licos em desenho animado"},"content":{"rendered":"<div>Os publicit\u00e1rios&nbsp;<b>Helder Santos<\/b>&nbsp;e&nbsp;<b>Silmar Ribeiro<\/b>&nbsp;criaram o projeto&nbsp;<b>&#8220;Santinhoz&#8221;<\/b>&nbsp;que conta com vers\u00f5es em desenhos animados dos mais variados santos cat\u00f3licos, para evangelizar e transmitir mensagens de paz, for\u00e7a e positividade para toda a fam\u00edlia.<\/div>\n<div>&nbsp;<\/div>\n<div>Nas redes sociais o projeto \u00e9 um tremendo sucesso. S\u00e3o mais de 150 mil seguidores no Instagram (instagram.com\/santinhoz) e Facebook (facebook.com\/santinhoz) onde s\u00e3o compartilhados diariamente ora\u00e7\u00f5es e imagens de santos cat\u00f3licos.<\/div>\n<div>&nbsp;<\/div>\n<div>Al\u00e9m das tradicionais anima\u00e7\u00f5es o projeto acaba de ganhar clipes musicais no canal oficial no Youtube (youtube.com\/meusantinhoz). O projeto musical conta com v\u00e1rios clipes animados para educar, entreter e levar a palavra da b\u00edblia para crian\u00e7as de todas as idades.<\/div>\n<div>&nbsp;<\/div>\n<div>O clipe de &#8220;M\u00e3ezinha Aparecida&#8221; acaba de ser lan\u00e7ado no YouTube e Conta com composi\u00e7\u00e3o e interpreta\u00e7\u00e3o do pr\u00f3prio Helder Santos e a dire\u00e7\u00e3o de anima\u00e7\u00e3o de Silmar Ribeiro. A ideia \u00e9 de que o projeto alcance outros pa\u00edses. No canal foi disponibilizado clipe com tradu\u00e7\u00e3o em 5 idiomas diferentes.<\/div>\n<div>&nbsp;<\/div>\n<div>\u00c9 poss\u00edvel ouvir a m\u00fasica nas principais plataformas digitais como Spotify, Deezer, Apple Music, Shazam e Tidal.<\/div>\n<div>&nbsp;<\/div>\n<div>Para o ano de 2019 o projeto pretende entrar com tudo no mercado de licenciamento de produtos para que sejam inseridos no mercado revistas de atividades, quebra-cabe\u00e7a, jogo da mem\u00f3ria, bonecos, roupas, etc.&nbsp;<\/div>\n<div>&nbsp;<\/div>\n<div>J\u00e1 existem conversas em andamento com uma das maiores gravadoras do pa\u00eds para o lan\u00e7amento do primeiro DVD do projeto que contar\u00e1 com anima\u00e7\u00f5es e clipes musicais.<\/div>\n<div>&nbsp;<\/div>\n<div>Na loja virtual \u00e9 poss\u00edvel comprar as naninhas dos santos cat\u00f3licos (santinhoz.com.br\/loja)<\/div>\n<div>&nbsp;<\/div>\n<div>Por:Thiaggo Camilo Assessoria Marketing e Eventos<\/div>\n<div>&nbsp;<\/div>\n<div>Confira o clipe de &#8220;M\u00e3ezinha Aparecida&#8221; em:<\/div>\n<div><strong>Assista os videos:<\/strong><\/div>\n<div><a href=\"https:\/\/www.youtube.com\/watch?v=U0Ui7f6c6FY\">https:\/\/www.youtube.com\/watch?v=U0Ui7f6c6FY<\/a><\/div>\n<p>&nbsp;<\/p>\n","protected":false},"excerpt":{"rendered":"<p>Os publicit\u00e1rios&nbsp;Helder Santos&nbsp;e&nbsp;Silmar Ribeiro&nbsp;criaram o projeto&nbsp;&#8220;Santinhoz&#8221;&nbsp;que conta com vers\u00f5es em desenhos animados dos mais variados santos cat\u00f3licos, para evangelizar e transmitir mensagens de paz, for\u00e7a e positividade para toda a fam\u00edlia. &nbsp; Nas redes sociais o projeto \u00e9 um tremendo sucesso. S\u00e3o mais de 150 mil seguidores no Instagram (instagram.com\/santinhoz) e Facebook (facebook.com\/santinhoz) onde s\u00e3o&nbsp;<\/p>\n<p><a class=\"btn btn-style\" href=\"http:\/\/portalcatolico.net\/portal\/conheca-o-projeto-santinhoz-versao-dos-santos-catolicos-em-desenho-animado\/\">Continue Reading<\/a><\/p>\n","protected":false},"author":2,"featured_media":62281,"comment_status":"open","ping_status":"open","sticky":false,"template":"","format":"standard","meta":{"footnotes":""},"categories":[69],"tags":[],"class_list":["post-62280","post","type-post","status-publish","format-standard","has-post-thumbnail","hentry","category-artigos"],"_links":{"self":[{"href":"http:\/\/portalcatolico.net\/portal\/wp-json\/wp\/v2\/posts\/62280","targetHints":{"allow":["GET"]}}],"collection":[{"href":"http:\/\/portalcatolico.net\/portal\/wp-json\/wp\/v2\/posts"}],"about":[{"href":"http:\/\/portalcatolico.net\/portal\/wp-json\/wp\/v2\/types\/post"}],"author":[{"embeddable":true,"href":"http:\/\/portalcatolico.net\/portal\/wp-json\/wp\/v2\/users\/2"}],"replies":[{"embeddable":true,"href":"http:\/\/portalcatolico.net\/portal\/wp-json\/wp\/v2\/comments?post=62280"}],"version-history":[{"count":3,"href":"http:\/\/portalcatolico.net\/portal\/wp-json\/wp\/v2\/posts\/62280\/revisions"}],"predecessor-version":[{"id":62284,"href":"http:\/\/portalcatolico.net\/portal\/wp-json\/wp\/v2\/posts\/62280\/revisions\/62284"}],"wp:featuredmedia":[{"embeddable":true,"href":"http:\/\/portalcatolico.net\/portal\/wp-json\/wp\/v2\/media\/62281"}],"wp:attachment":[{"href":"http:\/\/portalcatolico.net\/portal\/wp-json\/wp\/v2\/media?parent=62280"}],"wp:term":[{"taxonomy":"category","embeddable":true,"href":"http:\/\/portalcatolico.net\/portal\/wp-json\/wp\/v2\/categories?post=62280"},{"taxonomy":"post_tag","embeddable":true,"href":"http:\/\/portalcatolico.net\/portal\/wp-json\/wp\/v2\/tags?post=62280"}],"curies":[{"name":"wp","href":"https:\/\/api.w.org\/{rel}","templated":true}]}}