{"id":62270,"date":"2018-12-03T06:01:26","date_gmt":"2018-12-03T09:01:26","guid":{"rendered":"http:\/\/portalcatolico.net\/portal\/?p=62270"},"modified":"2018-12-03T14:00:55","modified_gmt":"2018-12-03T17:00:55","slug":"encontro-em-ilheus-reune-membros-das-pascom-de-tres-dioceses","status":"publish","type":"post","link":"http:\/\/portalcatolico.net\/portal\/encontro-em-ilheus-reune-membros-das-pascom-de-tres-dioceses\/","title":{"rendered":"Encontro em Ilh\u00e9us re\u00fane membros das Pascom de tr\u00eas dioceses"},"content":{"rendered":"<p>A Catedral Diocesana de S\u00e3o Sebasti\u00e3o, em Ilh\u00e9us, no litoral sul da&nbsp;&nbsp;Bahia, recebeu neste domingo, 02 de dezembro, os coordenadores diocesanos&nbsp;da Pastoral da Comunica\u00e7\u00e3o da Sub- Regi\u00e3o&nbsp; Pastoral 6 do&nbsp; Regional&nbsp;Nordeste III CNBB (Conferencial Nacional dos Bispos do Brasil)&nbsp; que&nbsp;&nbsp;\u00e9 composta pelas dioceses: Ilh\u00e9us, Itabuna, Eun\u00e1polis e Teixeira de&nbsp;Freitas\/Caravelas.<br \/>\nO encontro&nbsp;foi realizado no sal\u00e3o paroquial da&nbsp;par\u00f3quia&nbsp; para o planejamento das atividades que ser\u00e3o desenvolvidas ao&nbsp;longo do ano de 2019.<\/p>\n<p>Participaram do encontro, os membros das Pascom das dioceses de&nbsp;Itabuna, Ilh\u00e9us e Eun\u00e1polis.<br \/>\nO tema da reuni\u00e3o foi: &#8220;Igreja e Comunica\u00e7\u00e3o: uma rela\u00e7\u00e3o m\u00fatua&#8221;.&nbsp;<br \/>\nO facilitador foi Tiago Souza, coordenador da Pascom do Sub- Regi\u00e3o VI. Ele&nbsp;refletiu os documentos: &#8220;Diret\u00f3rio de Comunica\u00e7\u00e3o da Igreja no&nbsp;Brasil&#8221; (Diret\u00f3rio 99), Pol\u00edtica e f\u00e9 (Documentos 99 e 111) ,entre outros.<\/p>\n<p>O Coordenador da Pascom da Par\u00f3quia Nossa Senhora da&nbsp;Concei\u00e7\u00e3o&nbsp; em Itabuna, Gustavo&nbsp; Batista, falou das falsas&nbsp;not\u00edcias nas redes sociais, ao refletir o tema &#8220;Fake News e jornalismo de paz&#8221;.<br \/>\nO Regional NE3 \u00e9 formado pelas Dioceses dos Estados da Bahia e de&nbsp;Sergipe e \u00e9&nbsp; composta&nbsp;por 26 dioceses.<br \/>\nO 1\u00aa Multicom de Comunica\u00e7\u00e3o do Sub Regi\u00e3o VI ser\u00e1 realizado na cidade&nbsp;de Ilh\u00e9us no dia&nbsp; 05 de maio de 2019 e a&nbsp;diocese anfitri\u00e3 ser\u00e1 a diocese de&nbsp;Ilh\u00e9us.<\/p>\n","protected":false},"excerpt":{"rendered":"<p>A Catedral Diocesana de S\u00e3o Sebasti\u00e3o, em Ilh\u00e9us, no litoral sul da&nbsp;&nbsp;Bahia, recebeu neste domingo, 02 de dezembro, os coordenadores diocesanos&nbsp;da Pastoral da Comunica\u00e7\u00e3o da Sub- Regi\u00e3o&nbsp; Pastoral 6 do&nbsp; Regional&nbsp;Nordeste III CNBB (Conferencial Nacional dos Bispos do Brasil)&nbsp; que&nbsp;&nbsp;\u00e9 composta pelas dioceses: Ilh\u00e9us, Itabuna, Eun\u00e1polis e Teixeira de&nbsp;Freitas\/Caravelas. O encontro&nbsp;foi realizado no sal\u00e3o paroquial&nbsp;<\/p>\n<p><a class=\"btn btn-style\" href=\"http:\/\/portalcatolico.net\/portal\/encontro-em-ilheus-reune-membros-das-pascom-de-tres-dioceses\/\">Continue Reading<\/a><\/p>\n","protected":false},"author":2,"featured_media":62271,"comment_status":"open","ping_status":"open","sticky":false,"template":"","format":"standard","meta":{"footnotes":""},"categories":[4],"tags":[],"class_list":["post-62270","post","type-post","status-publish","format-standard","has-post-thumbnail","hentry","category-destaques"],"_links":{"self":[{"href":"http:\/\/portalcatolico.net\/portal\/wp-json\/wp\/v2\/posts\/62270","targetHints":{"allow":["GET"]}}],"collection":[{"href":"http:\/\/portalcatolico.net\/portal\/wp-json\/wp\/v2\/posts"}],"about":[{"href":"http:\/\/portalcatolico.net\/portal\/wp-json\/wp\/v2\/types\/post"}],"author":[{"embeddable":true,"href":"http:\/\/portalcatolico.net\/portal\/wp-json\/wp\/v2\/users\/2"}],"replies":[{"embeddable":true,"href":"http:\/\/portalcatolico.net\/portal\/wp-json\/wp\/v2\/comments?post=62270"}],"version-history":[{"count":5,"href":"http:\/\/portalcatolico.net\/portal\/wp-json\/wp\/v2\/posts\/62270\/revisions"}],"predecessor-version":[{"id":62276,"href":"http:\/\/portalcatolico.net\/portal\/wp-json\/wp\/v2\/posts\/62270\/revisions\/62276"}],"wp:featuredmedia":[{"embeddable":true,"href":"http:\/\/portalcatolico.net\/portal\/wp-json\/wp\/v2\/media\/62271"}],"wp:attachment":[{"href":"http:\/\/portalcatolico.net\/portal\/wp-json\/wp\/v2\/media?parent=62270"}],"wp:term":[{"taxonomy":"category","embeddable":true,"href":"http:\/\/portalcatolico.net\/portal\/wp-json\/wp\/v2\/categories?post=62270"},{"taxonomy":"post_tag","embeddable":true,"href":"http:\/\/portalcatolico.net\/portal\/wp-json\/wp\/v2\/tags?post=62270"}],"curies":[{"name":"wp","href":"https:\/\/api.w.org\/{rel}","templated":true}]}}