{"id":62265,"date":"2018-12-04T00:49:13","date_gmt":"2018-12-04T03:49:13","guid":{"rendered":"http:\/\/portalcatolico.net\/portal\/?p=62265"},"modified":"2018-12-03T05:53:14","modified_gmt":"2018-12-03T08:53:14","slug":"ii-encontro-mariano-sera-realizado-em-camacan","status":"publish","type":"post","link":"http:\/\/portalcatolico.net\/portal\/ii-encontro-mariano-sera-realizado-em-camacan\/","title":{"rendered":"II Encontro Mariano ser\u00e1 realizado em Camacan"},"content":{"rendered":"<div dir=\"auto\">O Movimento Legi\u00e3o de Maria est\u00e1 preparando o II Encontro Mariano para o dia 15 de dezembro na cidade de Camacan (BA).&nbsp; O evento ser\u00e1 no col\u00e9gio municipal da cidade.&nbsp;<\/div>\n<div dir=\"auto\">Os legion\u00e1rios de toda a Diocese de Itabuna s\u00e3o convidados para participar do encontro e refletir a partir da tem\u00e1tica: &#8220;Eis aqui a serva do Senhor, fa\u00e7a-se em mim segundo a sua palavra&#8221;.<\/div>\n<div dir=\"auto\">&nbsp;<\/div>\n<div dir=\"auto\">Quem far\u00e1 a prega\u00e7\u00e3o \u00e9 o Pe. Rafael C. Fornasier, Sacerdote da Arquidiocese de Niter\u00f3i do Estado do Rio de Janeiro.<\/div>\n<div dir=\"auto\">O evento tamb\u00e9m contar\u00e1 com as presen\u00e7as dos Padres Manoel Cardoso Filho (Vig\u00e1rio) e o Pe. Valdeni Neris (p\u00e1roco da par\u00f3quia de S\u00e3o Sebasti\u00e3o).&nbsp;<\/div>\n<div dir=\"auto\">A inscri\u00e7\u00e3o \u00e9 1 kg de alimento n\u00e3o perec\u00edvel.<\/div>\n<div dir=\"auto\">&nbsp;<\/div>\n<div dir=\"auto\">A Legi\u00e3o de Maria que chegou ao Brasil em 1950 tem como objetivo principal levar a Palavra de Deus aos mais necessitados. Al\u00e9m de visitas a hospitais, o grupo tamb\u00e9m atua junto aos moradores de rua.&nbsp;<\/div>\n<div dir=\"auto\">Os legion\u00e1rios da Legi\u00e3o de Maria t\u00eam a miss\u00e3o de levar a Palavra de Deus aos mais necessitados tendo como exemplo a caminhada de Maria.&nbsp;<\/div>\n<div dir=\"auto\">Para maiores informa\u00e7\u00f5es, entre em contato pelos telefones: (73) 9 9113-8424 e 3283-1207.&nbsp;<\/div>\n","protected":false},"excerpt":{"rendered":"<p>O Movimento Legi\u00e3o de Maria est\u00e1 preparando o II Encontro Mariano para o dia 15 de dezembro na cidade de Camacan (BA).&nbsp; O evento ser\u00e1 no col\u00e9gio municipal da cidade.&nbsp; Os legion\u00e1rios de toda a Diocese de Itabuna s\u00e3o convidados para participar do encontro e refletir a partir da tem\u00e1tica: &#8220;Eis aqui a serva do&nbsp;<\/p>\n<p><a class=\"btn btn-style\" href=\"http:\/\/portalcatolico.net\/portal\/ii-encontro-mariano-sera-realizado-em-camacan\/\">Continue Reading<\/a><\/p>\n","protected":false},"author":2,"featured_media":62268,"comment_status":"open","ping_status":"open","sticky":false,"template":"","format":"standard","meta":{"footnotes":""},"categories":[1],"tags":[],"class_list":["post-62265","post","type-post","status-publish","format-standard","has-post-thumbnail","hentry","category-agenda"],"_links":{"self":[{"href":"http:\/\/portalcatolico.net\/portal\/wp-json\/wp\/v2\/posts\/62265","targetHints":{"allow":["GET"]}}],"collection":[{"href":"http:\/\/portalcatolico.net\/portal\/wp-json\/wp\/v2\/posts"}],"about":[{"href":"http:\/\/portalcatolico.net\/portal\/wp-json\/wp\/v2\/types\/post"}],"author":[{"embeddable":true,"href":"http:\/\/portalcatolico.net\/portal\/wp-json\/wp\/v2\/users\/2"}],"replies":[{"embeddable":true,"href":"http:\/\/portalcatolico.net\/portal\/wp-json\/wp\/v2\/comments?post=62265"}],"version-history":[{"count":3,"href":"http:\/\/portalcatolico.net\/portal\/wp-json\/wp\/v2\/posts\/62265\/revisions"}],"predecessor-version":[{"id":62269,"href":"http:\/\/portalcatolico.net\/portal\/wp-json\/wp\/v2\/posts\/62265\/revisions\/62269"}],"wp:featuredmedia":[{"embeddable":true,"href":"http:\/\/portalcatolico.net\/portal\/wp-json\/wp\/v2\/media\/62268"}],"wp:attachment":[{"href":"http:\/\/portalcatolico.net\/portal\/wp-json\/wp\/v2\/media?parent=62265"}],"wp:term":[{"taxonomy":"category","embeddable":true,"href":"http:\/\/portalcatolico.net\/portal\/wp-json\/wp\/v2\/categories?post=62265"},{"taxonomy":"post_tag","embeddable":true,"href":"http:\/\/portalcatolico.net\/portal\/wp-json\/wp\/v2\/tags?post=62265"}],"curies":[{"name":"wp","href":"https:\/\/api.w.org\/{rel}","templated":true}]}}