{"id":62254,"date":"2018-12-01T21:35:08","date_gmt":"2018-12-02T00:35:08","guid":{"rendered":"http:\/\/portalcatolico.net\/portal\/?p=62254"},"modified":"2018-12-01T21:40:27","modified_gmt":"2018-12-02T00:40:27","slug":"sao-miguel-das-matas-testemunho-de-niltinho-emociona-romeiros-em-bom-jesus-da-lapa","status":"publish","type":"post","link":"http:\/\/portalcatolico.net\/portal\/sao-miguel-das-matas-testemunho-de-niltinho-emociona-romeiros-em-bom-jesus-da-lapa\/","title":{"rendered":"S\u00e3o Miguel das Matas: Testemunho de \u201cNiltinho\u201d emociona romeiros em Bom Jesus da Lapa"},"content":{"rendered":"<p>O caminhoneiro Josenilton Ribeiro dos Santos, de 36 anos, popular \u201cNiltinho\u201d, que saiu a p\u00e9 da cidade de S\u00e3o Miguel das Matas\/BA, no dia 4 de novembro, levando no ombro uma cruz de aproximadamente 20 quilos, chegou em Bom Jesus da Lapa \u00e0s 2:30 da tarde desta sexta-feira, dia 30.<\/p>\n<p>\u201cNiltinho\u201d agradeceu a todos que rezaram por ele. \u201cTamb\u00e9m agrade\u00e7o ao povo de S\u00e3o Miguel que me deu apoio durante a viagem, o vice-prefeito Val Big, o prefeito Z\u00e9 Renato, a vereadora Nide, Z\u00e9 Pires, Tonh\u00e3o Maragal, Cosm\u00e3o da Ca\u00e7amba, Ito do Posto, Toi da Topik e outras pessoas. Se n\u00e3o fosse o povo de S\u00e3o Miguel das Matas me ajudando de todas as formas eu poderia demorar bem mais tempo pra chegar aqui, tou com algumas assaduras nas partes \u00edntimas, mas pelo que andei eu me sinto bem\u201d, disse.<\/p>\n<p>Na noite desta sexta-feira (30) \u201cNiltinho\u201d participou da 2\u00aa noite da novena de Nossa Senhora da Concei\u00e7\u00e3o, no Santu\u00e1rio do Bom Jesus da Lapa e da M\u00e3e da Soledade. Durante a missa Padre Stanislaw Wilczek CSsR chamou \u201cNiltinho\u201d ao altar, dizendo: \u201cVoc\u00eas est\u00e3o percebendo que este homem est\u00e1 todo dolorido, \u00e9 um romeiro muito especial que fez a sua romaria a p\u00e9, passou mais que 600 quil\u00f4metros carregando consigo uma cruz\u201d, disse o padre.<\/p>\n<div id=\"attachment_129655\" class=\"wp-caption aligncenter\">\n<p><img loading=\"lazy\" decoding=\"async\" class=\"wp-image-129655 size-full\" src=\"https:\/\/tribunadoreconcavo.com\/wp-content\/uploads\/2018\/12\/niltinho-lapa.jpg\" sizes=\"auto, (max-width: 700px) 100vw, 700px\" srcset=\"https:\/\/tribunadoreconcavo.com\/wp-content\/uploads\/2018\/12\/niltinho-lapa.jpg 700w, https:\/\/tribunadoreconcavo.com\/wp-content\/uploads\/2018\/12\/niltinho-lapa-300x96.jpg 300w\" alt=\"\" width=\"700\" height=\"223\"><\/p>\n<p class=\"wp-caption-text\">Fotos: Divulga\u00e7\u00e3o\/ Santu\u00e1rio de Bom Jesus da Lapa (BA)<\/p>\n<\/div>\n<p><strong>TESTEMUNHO<\/strong><\/p>\n<p>\u201cTrabalhei na Prefeitura de S\u00e3o Miguel das Matas e sempre ajudei todo mundo, e depois da minha separa\u00e7\u00e3o eu me joguei no mundo das drogas, mas gra\u00e7as ao meu bom Deus eu tive um sonho com Ele me falando: \u2018filho, &nbsp;constr\u00f3i uma cruz de 3 metros por 1,5 de bra\u00e7o e caminhe em tua cidade que voc\u00ea vai ganhar a confian\u00e7a de todos, e depois que terminar a caminhada em tua cidade coloque a cruz dentro da igreja e quando chegar no dia 4 de novembro voc\u00ea segue no sentido a Bom Jesus da Lapa. Voc\u00ea vai sozinho, que vou estar do seu lado\u2019\u201d, disse.<\/p>\n<p><strong>COMO\u00c7\u00c3O POPULAR<\/strong><\/p>\n<p>Niltinho ainda falou sobre a grande como\u00e7\u00e3o popular dos seus conterr\u00e2neos, amigos e at\u00e9 desconhecidos. \u201cAs pessoas de minha cidade se comoveram e come\u00e7aram a me seguir em prociss\u00e3o, sa\u00edram de S\u00e3o Miguel at\u00e9 Amargosa, e de l\u00e1 pra c\u00e1 ningu\u00e9m me abandonou porque Deus quis que eu mudasse\u201d. Niltinho se libertou das drogas ap\u00f3s o sonho.<\/p>\n<p>Niltinho chegou a caminhar 100km por dia. \u201cEu falava, \u2018meu Deus, me p\u00f4e em tua m\u00e3o e me leva, e isso Ele fez. Eu estou aqui hoje todo machucado, mas Deus \u00e9 t\u00e3o bom quando a gente se entrega pra Ele de verdade que eu tou conseguindo andar, porque era pra eu t\u00e1 me repousando na pousada, mas eu tou aqui\u201d.<\/p>\n<p><strong>RESTAURA\u00c7\u00c3O<\/strong><\/p>\n<p>Niltinho concluiu dizendo que voltar\u00e1 pra sua cidade sendo um novo homem, pois vai ajudar a organizar em S\u00e3o Miguel o ter\u00e7o dos homens e vai ser papai noel no Natal. Ele tamb\u00e9m pensa em montar um Centro de Recupera\u00e7\u00e3o em S\u00e3o Miguel. \u201cQuando cheguei aqui na Lapa o prefeito Z\u00e9 Renato me ofereceu um emprego, mas disse a ele que j\u00e1 trabalhei na Prefeitura e n\u00e3o quero voltar a trabalhar l\u00e1, mas se ele quiser me ajudar a montar um Centro de Recupera\u00e7\u00e3o eu aceito\u201d. Niltinho se reconciliou com algumas pessoas, ele disse que retirou a queixa contra dois policiais de S\u00e3o Miguel. E durante o trajeto, seu filho que n\u00e3o estava falando com ele, ligou para conversar com o mesmo.<\/p>\n<p><strong>DOA\u00c7\u00c3O EM DINHEIRO<\/strong><\/p>\n<p>Durante a viagem depositaram na conta de \u201cNiltinho\u201d mais de R$ 5 mil reais. \u201cEu gastei esse dinheiro pagando feira para pessoas que estavam com fome e exames de vista para pessoas que estavam quase cegas, sobrou R$ 429 reais que comprei tudo de lebrancinha para as pessoas da minha cidade\u201d.<\/p>\n<p><strong>MENSAGEM DE \u201cNILTINHO\u201d DURANTE A MISSA<\/strong>: \u201cSe voc\u00ea encontrar algum viciado nas drogas n\u00e3o jogue pedras, d\u00ea a m\u00e3o porque todo mundo merece uma chance, fazendo isso voc\u00ea vai ser uma pessoa de Deus de verdade, mas quando voc\u00ea dar as costas, pensando s\u00f3 em si, voc\u00ea vai perder uma estrelinha l\u00e1 em cima. E se voc\u00ea receber um convite para usar drogas, pense em Deus primeiramente, porque tem pessoas que usam e param, mas tem pessoas que n\u00e3o conseguem parar e tem um final muito tr\u00e1gico\u201d.<\/p>\n<p>Texto: H\u00e9lio Alves\/ Tribuna do Rec\u00f4ncavo<\/p>\n","protected":false},"excerpt":{"rendered":"<p>O caminhoneiro Josenilton Ribeiro dos Santos, de 36 anos, popular \u201cNiltinho\u201d, que saiu a p\u00e9 da cidade de S\u00e3o Miguel das Matas\/BA, no dia 4 de novembro, levando no ombro uma cruz de aproximadamente 20 quilos, chegou em Bom Jesus da Lapa \u00e0s 2:30 da tarde desta sexta-feira, dia 30. \u201cNiltinho\u201d agradeceu a todos que&nbsp;<\/p>\n<p><a class=\"btn btn-style\" href=\"http:\/\/portalcatolico.net\/portal\/sao-miguel-das-matas-testemunho-de-niltinho-emociona-romeiros-em-bom-jesus-da-lapa\/\">Continue Reading<\/a><\/p>\n","protected":false},"author":2,"featured_media":62255,"comment_status":"open","ping_status":"open","sticky":false,"template":"","format":"standard","meta":{"footnotes":""},"categories":[70],"tags":[],"class_list":["post-62254","post","type-post","status-publish","format-standard","has-post-thumbnail","hentry","category-testemunhos"],"_links":{"self":[{"href":"http:\/\/portalcatolico.net\/portal\/wp-json\/wp\/v2\/posts\/62254","targetHints":{"allow":["GET"]}}],"collection":[{"href":"http:\/\/portalcatolico.net\/portal\/wp-json\/wp\/v2\/posts"}],"about":[{"href":"http:\/\/portalcatolico.net\/portal\/wp-json\/wp\/v2\/types\/post"}],"author":[{"embeddable":true,"href":"http:\/\/portalcatolico.net\/portal\/wp-json\/wp\/v2\/users\/2"}],"replies":[{"embeddable":true,"href":"http:\/\/portalcatolico.net\/portal\/wp-json\/wp\/v2\/comments?post=62254"}],"version-history":[{"count":2,"href":"http:\/\/portalcatolico.net\/portal\/wp-json\/wp\/v2\/posts\/62254\/revisions"}],"predecessor-version":[{"id":62257,"href":"http:\/\/portalcatolico.net\/portal\/wp-json\/wp\/v2\/posts\/62254\/revisions\/62257"}],"wp:featuredmedia":[{"embeddable":true,"href":"http:\/\/portalcatolico.net\/portal\/wp-json\/wp\/v2\/media\/62255"}],"wp:attachment":[{"href":"http:\/\/portalcatolico.net\/portal\/wp-json\/wp\/v2\/media?parent=62254"}],"wp:term":[{"taxonomy":"category","embeddable":true,"href":"http:\/\/portalcatolico.net\/portal\/wp-json\/wp\/v2\/categories?post=62254"},{"taxonomy":"post_tag","embeddable":true,"href":"http:\/\/portalcatolico.net\/portal\/wp-json\/wp\/v2\/tags?post=62254"}],"curies":[{"name":"wp","href":"https:\/\/api.w.org\/{rel}","templated":true}]}}