{"id":62251,"date":"2018-12-01T21:10:21","date_gmt":"2018-12-02T00:10:21","guid":{"rendered":"http:\/\/portalcatolico.net\/portal\/?p=62251"},"modified":"2018-12-16T18:50:36","modified_gmt":"2018-12-16T21:50:36","slug":"vem-ai-a-viii-vigilia-diocesana-jovens-adoradores","status":"publish","type":"post","link":"http:\/\/portalcatolico.net\/portal\/vem-ai-a-viii-vigilia-diocesana-jovens-adoradores\/","title":{"rendered":"Vem a\u00ed a XIII Vig\u00edlia Diocesana Jovens Adoradores"},"content":{"rendered":"<div dir=\"auto\">O evento que acontecer\u00e1 no dia 15 de dezembro, ser\u00e1 uma noite de alegria, ora\u00e7\u00e3o, pe\u00e7a teatral, missa, palestras, adora\u00e7\u00e3o e&nbsp; encontro com Deus. A vig\u00edlia ser\u00e1 realizada na Catedral de S\u00e3o Jos\u00e9, em Itabuna (BA), com o apoio do Setor Juventude e tem como tema: &#8220;Em Cristo Jesus, n\u00f3s jovens somos um&#8221; e o lema: &#8220;V\u00f3s sois todos irm\u00e3os&#8221; (MT 23,8).&nbsp;<\/div>\n<div dir=\"auto\">O ponto de encontro e concentra\u00e7\u00e3o ser\u00e1 na Par\u00f3quia Santa Maria Goretti, situada no bairro Mangabinha, \u00e0s 19h. Em seguida, os fieis seguir\u00e3o em caminhada luminosa at\u00e9 a Catedral de S\u00e3o Jos\u00e9.&nbsp;<\/div>\n<div dir=\"auto\">A coordena\u00e7\u00e3o do evento solicita a todos os participantes que levem uma vela para ser utilizada na prociss\u00e3o.&nbsp;<\/div>\n<div dir=\"auto\">A realiza\u00e7\u00e3o \u00e9 do Setor Juventude e da Diocese de Itabuna.<\/div>\n","protected":false},"excerpt":{"rendered":"<p>O evento que acontecer\u00e1 no dia 15 de dezembro, ser\u00e1 uma noite de alegria, ora\u00e7\u00e3o, pe\u00e7a teatral, missa, palestras, adora\u00e7\u00e3o e&nbsp; encontro com Deus. A vig\u00edlia ser\u00e1 realizada na Catedral de S\u00e3o Jos\u00e9, em Itabuna (BA), com o apoio do Setor Juventude e tem como tema: &#8220;Em Cristo Jesus, n\u00f3s jovens somos um&#8221; e o&nbsp;<\/p>\n<p><a class=\"btn btn-style\" href=\"http:\/\/portalcatolico.net\/portal\/vem-ai-a-viii-vigilia-diocesana-jovens-adoradores\/\">Continue Reading<\/a><\/p>\n","protected":false},"author":2,"featured_media":62252,"comment_status":"open","ping_status":"open","sticky":false,"template":"","format":"standard","meta":{"footnotes":""},"categories":[1],"tags":[],"class_list":["post-62251","post","type-post","status-publish","format-standard","has-post-thumbnail","hentry","category-agenda"],"_links":{"self":[{"href":"http:\/\/portalcatolico.net\/portal\/wp-json\/wp\/v2\/posts\/62251","targetHints":{"allow":["GET"]}}],"collection":[{"href":"http:\/\/portalcatolico.net\/portal\/wp-json\/wp\/v2\/posts"}],"about":[{"href":"http:\/\/portalcatolico.net\/portal\/wp-json\/wp\/v2\/types\/post"}],"author":[{"embeddable":true,"href":"http:\/\/portalcatolico.net\/portal\/wp-json\/wp\/v2\/users\/2"}],"replies":[{"embeddable":true,"href":"http:\/\/portalcatolico.net\/portal\/wp-json\/wp\/v2\/comments?post=62251"}],"version-history":[{"count":2,"href":"http:\/\/portalcatolico.net\/portal\/wp-json\/wp\/v2\/posts\/62251\/revisions"}],"predecessor-version":[{"id":62515,"href":"http:\/\/portalcatolico.net\/portal\/wp-json\/wp\/v2\/posts\/62251\/revisions\/62515"}],"wp:featuredmedia":[{"embeddable":true,"href":"http:\/\/portalcatolico.net\/portal\/wp-json\/wp\/v2\/media\/62252"}],"wp:attachment":[{"href":"http:\/\/portalcatolico.net\/portal\/wp-json\/wp\/v2\/media?parent=62251"}],"wp:term":[{"taxonomy":"category","embeddable":true,"href":"http:\/\/portalcatolico.net\/portal\/wp-json\/wp\/v2\/categories?post=62251"},{"taxonomy":"post_tag","embeddable":true,"href":"http:\/\/portalcatolico.net\/portal\/wp-json\/wp\/v2\/tags?post=62251"}],"curies":[{"name":"wp","href":"https:\/\/api.w.org\/{rel}","templated":true}]}}