{"id":62248,"date":"2018-12-01T19:29:49","date_gmt":"2018-12-01T22:29:49","guid":{"rendered":"http:\/\/portalcatolico.net\/portal\/?p=62248"},"modified":"2018-12-01T19:29:49","modified_gmt":"2018-12-01T22:29:49","slug":"neste-domingo-comeca-o-tempo-do-advento","status":"publish","type":"post","link":"http:\/\/portalcatolico.net\/portal\/neste-domingo-comeca-o-tempo-do-advento\/","title":{"rendered":"Neste domingo, come\u00e7a o tempo do Advento"},"content":{"rendered":"<p>O tempo do Advento \u00e9 um tempo de sil\u00eancio e ora\u00e7\u00e3o durante as quatro&nbsp;semanas que antecedem o Natal. Os domingos de Advento neste ano s\u00e3o os&nbsp;dias: 1, 8, 15 e 22 de dezembro.<br \/>\nO Advento come\u00e7a no primeiro domingo depois da&nbsp;solenidade de Cristo Rei (que tamb\u00e9m acontece em um domingo).&nbsp;<\/p>\n<p>O Advento, \u00e9&nbsp;tradi\u00e7\u00e3o ter a coroa como uma forma de se preparar para o nascimento de&nbsp;Jesus. A cada domingo, uma vela \u00e9 acesa. Esta \u00e9 uma ocasi\u00e3o especial&nbsp;para ser vivida em fam\u00edlia,&nbsp; quando os membros se re\u00fanem para, juntos,&nbsp;fazerem essa caminhada em dire\u00e7\u00e3o \u00e0 chegada do Salvador.<\/p>\n<p>A Coroa do&nbsp;Advento (ou guirlanda do Advento), \u00e9 um objeto muitas vezes de forma&nbsp;circular coberta de ramos verdes (ou o chamado &#8221;fest\u00e3o&#8221;) na qual se&nbsp;colocam quatro velas (verde no 1\u00ba domingo do advento, roxa no 2\u00ba&nbsp;domingo, vermelha no 3\u00ba domingo e branca no 4\u00ba domingo).<\/p>\n<p>O Advento (do&nbsp;latim Adventus: &#8220;chegada&#8221;, do verbo Advenire: &#8220;chegar a&#8221;) \u00e9 o primeiro&nbsp;tempo do Ano lit\u00fargico, o qual antecede o Natal. Para os crist\u00e3os, \u00e9 um&nbsp;tempo de prepara\u00e7\u00e3o e alegria, de expectativa, onde os fi\u00e9is, esperando&nbsp;o Nascimento de Jesus Cristo , vivem o arrependimento e promovem a&nbsp;<br \/>\nfraternidade e a Paz.<\/p>\n<p>Na Igreja Cat\u00f3lica, o advento se refere \u00e0s quatro semanas que antecedem&nbsp;o Natal, um per\u00edodo lit\u00fargico que celebra a vinda de Jesus Cristo,&nbsp;considerando sempre em primeiro lugar seu nascimento em Bel\u00e9m da Jud\u00e9ia&nbsp;e, de acordo com as profecias b\u00edblicas, evocando seu retorno no Dia do&nbsp;Ju\u00edzo Final.<\/p>\n<p>Foto:Acervo\/Portal Cat\u00f3lico<\/p>\n","protected":false},"excerpt":{"rendered":"<p>O tempo do Advento \u00e9 um tempo de sil\u00eancio e ora\u00e7\u00e3o durante as quatro&nbsp;semanas que antecedem o Natal. Os domingos de Advento neste ano s\u00e3o os&nbsp;dias: 1, 8, 15 e 22 de dezembro. O Advento come\u00e7a no primeiro domingo depois da&nbsp;solenidade de Cristo Rei (que tamb\u00e9m acontece em um domingo).&nbsp; O Advento, \u00e9&nbsp;tradi\u00e7\u00e3o ter a&nbsp;<\/p>\n<p><a class=\"btn btn-style\" href=\"http:\/\/portalcatolico.net\/portal\/neste-domingo-comeca-o-tempo-do-advento\/\">Continue Reading<\/a><\/p>\n","protected":false},"author":2,"featured_media":62249,"comment_status":"open","ping_status":"open","sticky":false,"template":"","format":"standard","meta":{"footnotes":""},"categories":[69],"tags":[],"class_list":["post-62248","post","type-post","status-publish","format-standard","has-post-thumbnail","hentry","category-artigos"],"_links":{"self":[{"href":"http:\/\/portalcatolico.net\/portal\/wp-json\/wp\/v2\/posts\/62248","targetHints":{"allow":["GET"]}}],"collection":[{"href":"http:\/\/portalcatolico.net\/portal\/wp-json\/wp\/v2\/posts"}],"about":[{"href":"http:\/\/portalcatolico.net\/portal\/wp-json\/wp\/v2\/types\/post"}],"author":[{"embeddable":true,"href":"http:\/\/portalcatolico.net\/portal\/wp-json\/wp\/v2\/users\/2"}],"replies":[{"embeddable":true,"href":"http:\/\/portalcatolico.net\/portal\/wp-json\/wp\/v2\/comments?post=62248"}],"version-history":[{"count":1,"href":"http:\/\/portalcatolico.net\/portal\/wp-json\/wp\/v2\/posts\/62248\/revisions"}],"predecessor-version":[{"id":62250,"href":"http:\/\/portalcatolico.net\/portal\/wp-json\/wp\/v2\/posts\/62248\/revisions\/62250"}],"wp:featuredmedia":[{"embeddable":true,"href":"http:\/\/portalcatolico.net\/portal\/wp-json\/wp\/v2\/media\/62249"}],"wp:attachment":[{"href":"http:\/\/portalcatolico.net\/portal\/wp-json\/wp\/v2\/media?parent=62248"}],"wp:term":[{"taxonomy":"category","embeddable":true,"href":"http:\/\/portalcatolico.net\/portal\/wp-json\/wp\/v2\/categories?post=62248"},{"taxonomy":"post_tag","embeddable":true,"href":"http:\/\/portalcatolico.net\/portal\/wp-json\/wp\/v2\/tags?post=62248"}],"curies":[{"name":"wp","href":"https:\/\/api.w.org\/{rel}","templated":true}]}}