{"id":62233,"date":"2018-11-30T23:33:47","date_gmt":"2018-12-01T02:33:47","guid":{"rendered":"http:\/\/portalcatolico.net\/portal\/?p=62233"},"modified":"2018-12-01T13:44:49","modified_gmt":"2018-12-01T16:44:49","slug":"jovens-de-uma-comunidade-itabunense-recebem-a-primeira-eucaristia","status":"publish","type":"post","link":"http:\/\/portalcatolico.net\/portal\/jovens-de-uma-comunidade-itabunense-recebem-a-primeira-eucaristia\/","title":{"rendered":"Jovens de uma comunidade itabunense recebem a Primeira Eucaristia"},"content":{"rendered":"<p><img loading=\"lazy\" decoding=\"async\" class=\"wp-image-62236 aligncenter\" src=\"http:\/\/portalcatolico.net\/portal\/wp-content\/uploads\/2018\/12\/WhatsApp-Image-2018-11-28-at-13.28.13-300x200.jpeg\" alt=\"\" width=\"743\" height=\"495\" srcset=\"http:\/\/portalcatolico.net\/portal\/wp-content\/uploads\/2018\/12\/WhatsApp-Image-2018-11-28-at-13.28.13-300x200.jpeg 300w, http:\/\/portalcatolico.net\/portal\/wp-content\/uploads\/2018\/12\/WhatsApp-Image-2018-11-28-at-13.28.13-768x512.jpeg 768w, http:\/\/portalcatolico.net\/portal\/wp-content\/uploads\/2018\/12\/WhatsApp-Image-2018-11-28-at-13.28.13-1024x682.jpeg 1024w, http:\/\/portalcatolico.net\/portal\/wp-content\/uploads\/2018\/12\/WhatsApp-Image-2018-11-28-at-13.28.13.jpeg 1280w\" sizes=\"auto, (max-width: 743px) 100vw, 743px\" \/>No \u00faltimo s\u00e1bado, dia 24 de novembro, realizou-se na Comunidade do&nbsp;Sagrado Cora\u00e7\u00e3o, situada no bairro Urbis IV, a missa de Primeira&nbsp;Eucaristia para 25 jovens.<\/p>\n<p>A celebra\u00e7\u00e3o foi presidida pelo padre&nbsp;Tony Val\u00e9rio Rodrigues&nbsp; da Par\u00f3quia Santa Maria Madalena da Diocese de&nbsp;Itabuna (BA).<\/p>\n<p><img loading=\"lazy\" decoding=\"async\" class=\" wp-image-62238 alignleft\" src=\"http:\/\/portalcatolico.net\/portal\/wp-content\/uploads\/2018\/12\/WhatsApp-Image-2018-11-28-at-13.27.21-300x200.jpeg\" alt=\"\" width=\"273\" height=\"182\" srcset=\"http:\/\/portalcatolico.net\/portal\/wp-content\/uploads\/2018\/12\/WhatsApp-Image-2018-11-28-at-13.27.21-300x200.jpeg 300w, http:\/\/portalcatolico.net\/portal\/wp-content\/uploads\/2018\/12\/WhatsApp-Image-2018-11-28-at-13.27.21-768x512.jpeg 768w, http:\/\/portalcatolico.net\/portal\/wp-content\/uploads\/2018\/12\/WhatsApp-Image-2018-11-28-at-13.27.21-1024x682.jpeg 1024w, http:\/\/portalcatolico.net\/portal\/wp-content\/uploads\/2018\/12\/WhatsApp-Image-2018-11-28-at-13.27.21.jpeg 1280w\" sizes=\"auto, (max-width: 273px) 100vw, 273px\" \/>A Eucaristia \u00e9 o centro, o cume, o \u00e1pice da vida da&nbsp;Igreja. A ela, se ordenam todos os sacramentos e minist\u00e9rios da Igreja.&nbsp;<br \/>\nDurante a cerim\u00f4nia, os Catequizandos acenderam a sua vela no C\u00edrio&nbsp;Pascal, o C\u00edrio Pascal simboliza a Luz de Deus , o pr\u00f3prio Jesus. Ao&nbsp;fazer isso, o catequizando est\u00e1 simbolizando que a sua Luz, que agora se&nbsp;acenda&nbsp; pela comunh\u00e3o, vem do pr\u00f3prio Jesus.<br \/>\nNo momento da Eucaristia, as crian\u00e7as se aproximaram para a ceia do&nbsp;Senhor, recebendo Seu corpo e Seu sangue e permitindo que Jesus&nbsp;habitasse em seus cora\u00e7\u00f5es. Um a um foi aproximando do presbit\u00e9rio&nbsp;para receber a primeira comunh\u00e3o das m\u00e3os do padre Tony Val\u00e9rio.<\/p>\n<p>As informa\u00e7\u00f5es e fotos s\u00e3o de: Nara Soares\/Com. Sagrado Cora\u00e7\u00e3o de Jesus<br \/>\nEdi\u00e7\u00e3o de texto: Portal Cat\u00f3lico<\/p>\n<p><img loading=\"lazy\" decoding=\"async\" class=\"alignnone size-medium wp-image-62239\" src=\"http:\/\/portalcatolico.net\/portal\/wp-content\/uploads\/2018\/12\/WhatsApp-Image-2018-11-28-at-13.27.29-300x200.jpeg\" alt=\"\" width=\"300\" height=\"200\" srcset=\"http:\/\/portalcatolico.net\/portal\/wp-content\/uploads\/2018\/12\/WhatsApp-Image-2018-11-28-at-13.27.29-300x200.jpeg 300w, http:\/\/portalcatolico.net\/portal\/wp-content\/uploads\/2018\/12\/WhatsApp-Image-2018-11-28-at-13.27.29-768x512.jpeg 768w, http:\/\/portalcatolico.net\/portal\/wp-content\/uploads\/2018\/12\/WhatsApp-Image-2018-11-28-at-13.27.29-1024x682.jpeg 1024w, http:\/\/portalcatolico.net\/portal\/wp-content\/uploads\/2018\/12\/WhatsApp-Image-2018-11-28-at-13.27.29.jpeg 1280w\" sizes=\"auto, (max-width: 300px) 100vw, 300px\" \/> <img loading=\"lazy\" decoding=\"async\" class=\"alignnone size-medium wp-image-62240\" src=\"http:\/\/portalcatolico.net\/portal\/wp-content\/uploads\/2018\/12\/WhatsApp-Image-2018-11-28-at-13.27.34-300x200.jpeg\" alt=\"\" width=\"300\" height=\"200\" srcset=\"http:\/\/portalcatolico.net\/portal\/wp-content\/uploads\/2018\/12\/WhatsApp-Image-2018-11-28-at-13.27.34-300x200.jpeg 300w, http:\/\/portalcatolico.net\/portal\/wp-content\/uploads\/2018\/12\/WhatsApp-Image-2018-11-28-at-13.27.34-768x512.jpeg 768w, http:\/\/portalcatolico.net\/portal\/wp-content\/uploads\/2018\/12\/WhatsApp-Image-2018-11-28-at-13.27.34-1024x682.jpeg 1024w, http:\/\/portalcatolico.net\/portal\/wp-content\/uploads\/2018\/12\/WhatsApp-Image-2018-11-28-at-13.27.34.jpeg 1280w\" sizes=\"auto, (max-width: 300px) 100vw, 300px\" \/> <img loading=\"lazy\" decoding=\"async\" class=\"alignnone size-medium wp-image-62241\" src=\"http:\/\/portalcatolico.net\/portal\/wp-content\/uploads\/2018\/12\/WhatsApp-Image-2018-11-28-at-13.26.15-300x200.jpeg\" alt=\"\" width=\"300\" height=\"200\" srcset=\"http:\/\/portalcatolico.net\/portal\/wp-content\/uploads\/2018\/12\/WhatsApp-Image-2018-11-28-at-13.26.15-300x200.jpeg 300w, http:\/\/portalcatolico.net\/portal\/wp-content\/uploads\/2018\/12\/WhatsApp-Image-2018-11-28-at-13.26.15-768x512.jpeg 768w, http:\/\/portalcatolico.net\/portal\/wp-content\/uploads\/2018\/12\/WhatsApp-Image-2018-11-28-at-13.26.15-1024x682.jpeg 1024w, http:\/\/portalcatolico.net\/portal\/wp-content\/uploads\/2018\/12\/WhatsApp-Image-2018-11-28-at-13.26.15.jpeg 1280w\" sizes=\"auto, (max-width: 300px) 100vw, 300px\" \/> <img loading=\"lazy\" decoding=\"async\" class=\"alignnone size-medium wp-image-62242\" src=\"http:\/\/portalcatolico.net\/portal\/wp-content\/uploads\/2018\/12\/WhatsApp-Image-2018-11-28-at-13.27.10-300x200.jpeg\" alt=\"\" width=\"300\" height=\"200\" srcset=\"http:\/\/portalcatolico.net\/portal\/wp-content\/uploads\/2018\/12\/WhatsApp-Image-2018-11-28-at-13.27.10-300x200.jpeg 300w, http:\/\/portalcatolico.net\/portal\/wp-content\/uploads\/2018\/12\/WhatsApp-Image-2018-11-28-at-13.27.10-768x512.jpeg 768w, http:\/\/portalcatolico.net\/portal\/wp-content\/uploads\/2018\/12\/WhatsApp-Image-2018-11-28-at-13.27.10-1024x682.jpeg 1024w, http:\/\/portalcatolico.net\/portal\/wp-content\/uploads\/2018\/12\/WhatsApp-Image-2018-11-28-at-13.27.10.jpeg 1280w\" sizes=\"auto, (max-width: 300px) 100vw, 300px\" \/><\/p>\n<p>&nbsp;<\/p>\n","protected":false},"excerpt":{"rendered":"<p>No \u00faltimo s\u00e1bado, dia 24 de novembro, realizou-se na Comunidade do&nbsp;Sagrado Cora\u00e7\u00e3o, situada no bairro Urbis IV, a missa de Primeira&nbsp;Eucaristia para 25 jovens. A celebra\u00e7\u00e3o foi presidida pelo padre&nbsp;Tony Val\u00e9rio Rodrigues&nbsp; da Par\u00f3quia Santa Maria Madalena da Diocese de&nbsp;Itabuna (BA). A Eucaristia \u00e9 o centro, o cume, o \u00e1pice da vida da&nbsp;Igreja. A ela,&nbsp;<\/p>\n<p><a class=\"btn btn-style\" href=\"http:\/\/portalcatolico.net\/portal\/jovens-de-uma-comunidade-itabunense-recebem-a-primeira-eucaristia\/\">Continue Reading<\/a><\/p>\n","protected":false},"author":2,"featured_media":62234,"comment_status":"open","ping_status":"open","sticky":false,"template":"","format":"standard","meta":{"footnotes":""},"categories":[4],"tags":[],"class_list":["post-62233","post","type-post","status-publish","format-standard","has-post-thumbnail","hentry","category-destaques"],"_links":{"self":[{"href":"http:\/\/portalcatolico.net\/portal\/wp-json\/wp\/v2\/posts\/62233","targetHints":{"allow":["GET"]}}],"collection":[{"href":"http:\/\/portalcatolico.net\/portal\/wp-json\/wp\/v2\/posts"}],"about":[{"href":"http:\/\/portalcatolico.net\/portal\/wp-json\/wp\/v2\/types\/post"}],"author":[{"embeddable":true,"href":"http:\/\/portalcatolico.net\/portal\/wp-json\/wp\/v2\/users\/2"}],"replies":[{"embeddable":true,"href":"http:\/\/portalcatolico.net\/portal\/wp-json\/wp\/v2\/comments?post=62233"}],"version-history":[{"count":3,"href":"http:\/\/portalcatolico.net\/portal\/wp-json\/wp\/v2\/posts\/62233\/revisions"}],"predecessor-version":[{"id":62243,"href":"http:\/\/portalcatolico.net\/portal\/wp-json\/wp\/v2\/posts\/62233\/revisions\/62243"}],"wp:featuredmedia":[{"embeddable":true,"href":"http:\/\/portalcatolico.net\/portal\/wp-json\/wp\/v2\/media\/62234"}],"wp:attachment":[{"href":"http:\/\/portalcatolico.net\/portal\/wp-json\/wp\/v2\/media?parent=62233"}],"wp:term":[{"taxonomy":"category","embeddable":true,"href":"http:\/\/portalcatolico.net\/portal\/wp-json\/wp\/v2\/categories?post=62233"},{"taxonomy":"post_tag","embeddable":true,"href":"http:\/\/portalcatolico.net\/portal\/wp-json\/wp\/v2\/tags?post=62233"}],"curies":[{"name":"wp","href":"https:\/\/api.w.org\/{rel}","templated":true}]}}