{"id":62229,"date":"2018-12-01T13:31:02","date_gmt":"2018-12-01T16:31:02","guid":{"rendered":"http:\/\/portalcatolico.net\/portal\/?p=62229"},"modified":"2018-12-01T13:31:18","modified_gmt":"2018-12-01T16:31:18","slug":"grupo-de-oracao-de-paroquia-em-itabuna-celebra-31-anos","status":"publish","type":"post","link":"http:\/\/portalcatolico.net\/portal\/grupo-de-oracao-de-paroquia-em-itabuna-celebra-31-anos\/","title":{"rendered":"Grupo de Ora\u00e7\u00e3o de par\u00f3quia em Itabuna celebra 31 anos"},"content":{"rendered":"<p><img loading=\"lazy\" decoding=\"async\" class=\" wp-image-62231 alignleft\" src=\"http:\/\/portalcatolico.net\/portal\/wp-content\/uploads\/2018\/12\/DSCN9789-300x225.jpg\" alt=\"\" width=\"272\" height=\"204\" srcset=\"http:\/\/portalcatolico.net\/portal\/wp-content\/uploads\/2018\/12\/DSCN9789-300x225.jpg 300w, http:\/\/portalcatolico.net\/portal\/wp-content\/uploads\/2018\/12\/DSCN9789-768x576.jpg 768w, http:\/\/portalcatolico.net\/portal\/wp-content\/uploads\/2018\/12\/DSCN9789.jpg 800w\" sizes=\"auto, (max-width: 272px) 100vw, 272px\" \/>O Grupo de Ora\u00e7\u00e3o Santa Rita de C\u00e1ssia, da Renova\u00e7\u00e3o Carism\u00e1tica&nbsp;Cat\u00f3lica em Itabuna (BA), com atua\u00e7\u00e3o na Par\u00f3quia Santa Rita de C\u00e1ssia,&nbsp;completou 31 anos de evangeliza\u00e7\u00e3o.<\/p>\n<p>A Santa Missa em A\u00e7\u00e3o de Gra\u00e7as foi&nbsp;realizada nesta&nbsp; sexta-feira, dia 30 de novembro, \u00e0s 19h, e foi presidida&nbsp;pelo Pe. Frei Anailton.<\/p>\n<p>Vale ressaltar que o grupo de ora\u00e7\u00e3o \u00e9 um movimento que acontece nas par\u00f3quias&nbsp;que trabalham&nbsp;numa fun\u00e7\u00e3o de evangelizar, receber&nbsp; pessoas com muito&nbsp;amor e carinho.<\/p>\n<p>O Grupo de Ora\u00e7\u00e3o de Santa Rita de C\u00e1ssia&nbsp; \u00e9 um grupo de ora\u00e7\u00e3o da&nbsp;Renova\u00e7\u00e3o Carism\u00e1tica Cat\u00f3lica, institu\u00eddo dentro da Par\u00f3quia da Santa&nbsp;Rita de C\u00e1ssia, da diocese de Itabuna, no sul da Bahia, que teve sua&nbsp;origem no dia 26 de novembro de 1987, e que h\u00e1 31 anos vem realizando&nbsp;trabalhos de evangeliza\u00e7\u00e3o dentro do setor territorial paroquial, sejam&nbsp;estes por meio de suas Reuni\u00f5es de Ora\u00e7\u00e3o semanais, ou por meio de&nbsp;encontros, eventos, evangeliza\u00e7\u00e3o nas fam\u00edlias ou em ruas, ou atividades&nbsp;relacionadas, gerando frutos para a igreja e para a sociedade.<\/p>\n","protected":false},"excerpt":{"rendered":"<p>O Grupo de Ora\u00e7\u00e3o Santa Rita de C\u00e1ssia, da Renova\u00e7\u00e3o Carism\u00e1tica&nbsp;Cat\u00f3lica em Itabuna (BA), com atua\u00e7\u00e3o na Par\u00f3quia Santa Rita de C\u00e1ssia,&nbsp;completou 31 anos de evangeliza\u00e7\u00e3o. A Santa Missa em A\u00e7\u00e3o de Gra\u00e7as foi&nbsp;realizada nesta&nbsp; sexta-feira, dia 30 de novembro, \u00e0s 19h, e foi presidida&nbsp;pelo Pe. Frei Anailton. Vale ressaltar que o grupo de ora\u00e7\u00e3o&nbsp;<\/p>\n<p><a class=\"btn btn-style\" href=\"http:\/\/portalcatolico.net\/portal\/grupo-de-oracao-de-paroquia-em-itabuna-celebra-31-anos\/\">Continue Reading<\/a><\/p>\n","protected":false},"author":2,"featured_media":62230,"comment_status":"open","ping_status":"open","sticky":false,"template":"","format":"standard","meta":{"footnotes":""},"categories":[4],"tags":[],"class_list":["post-62229","post","type-post","status-publish","format-standard","has-post-thumbnail","hentry","category-destaques"],"_links":{"self":[{"href":"http:\/\/portalcatolico.net\/portal\/wp-json\/wp\/v2\/posts\/62229","targetHints":{"allow":["GET"]}}],"collection":[{"href":"http:\/\/portalcatolico.net\/portal\/wp-json\/wp\/v2\/posts"}],"about":[{"href":"http:\/\/portalcatolico.net\/portal\/wp-json\/wp\/v2\/types\/post"}],"author":[{"embeddable":true,"href":"http:\/\/portalcatolico.net\/portal\/wp-json\/wp\/v2\/users\/2"}],"replies":[{"embeddable":true,"href":"http:\/\/portalcatolico.net\/portal\/wp-json\/wp\/v2\/comments?post=62229"}],"version-history":[{"count":1,"href":"http:\/\/portalcatolico.net\/portal\/wp-json\/wp\/v2\/posts\/62229\/revisions"}],"predecessor-version":[{"id":62232,"href":"http:\/\/portalcatolico.net\/portal\/wp-json\/wp\/v2\/posts\/62229\/revisions\/62232"}],"wp:featuredmedia":[{"embeddable":true,"href":"http:\/\/portalcatolico.net\/portal\/wp-json\/wp\/v2\/media\/62230"}],"wp:attachment":[{"href":"http:\/\/portalcatolico.net\/portal\/wp-json\/wp\/v2\/media?parent=62229"}],"wp:term":[{"taxonomy":"category","embeddable":true,"href":"http:\/\/portalcatolico.net\/portal\/wp-json\/wp\/v2\/categories?post=62229"},{"taxonomy":"post_tag","embeddable":true,"href":"http:\/\/portalcatolico.net\/portal\/wp-json\/wp\/v2\/tags?post=62229"}],"curies":[{"name":"wp","href":"https:\/\/api.w.org\/{rel}","templated":true}]}}