{"id":62222,"date":"2018-12-01T07:21:46","date_gmt":"2018-12-01T10:21:46","guid":{"rendered":"http:\/\/portalcatolico.net\/portal\/?p=62222"},"modified":"2018-12-01T07:23:19","modified_gmt":"2018-12-01T10:23:19","slug":"o-templo-catolico-mais-alto-do-mundo","status":"publish","type":"post","link":"http:\/\/portalcatolico.net\/portal\/o-templo-catolico-mais-alto-do-mundo\/","title":{"rendered":"O templo cat\u00f3lico mais alto do mundo"},"content":{"rendered":"<p><img loading=\"lazy\" decoding=\"async\" class=\"size-medium wp-image-62225 alignleft\" src=\"http:\/\/portalcatolico.net\/portal\/wp-content\/uploads\/2018\/12\/view-1-300x200.jpg\" alt=\"\" width=\"300\" height=\"200\" srcset=\"http:\/\/portalcatolico.net\/portal\/wp-content\/uploads\/2018\/12\/view-1-300x200.jpg 300w, http:\/\/portalcatolico.net\/portal\/wp-content\/uploads\/2018\/12\/view-1.jpg 500w\" sizes=\"auto, (max-width: 300px) 100vw, 300px\" \/>Muitas pessoas podem se surpreender, mas a verdade \u00e9 que o templo mais alto do mundo cat\u00f3lico se encontra fora da Europa. A Bas\u00edlica de Nossa Senhora da Paz de Yamusukro, Costa de Marfim, \u00e9 o templo cat\u00f3lico mais alto do mundo e um dos maiores do planeta. Suas propor\u00e7\u00f5es rivalizam com o esplendor da Bas\u00edlica de S\u00e3o Pedro no Vaticano, da qual busca ser a r\u00e9plica africana, e o Santu\u00e1rio de Nossa Senhora Aparecida no Brasil.<\/p>\n<p>A c\u00fapula da Bas\u00edlica, de grande similitude \u00e0 da Santa S\u00e9, tem uma altura de 158 metros, superando a original, de 137 metros de altura. Seu comprimento tamb\u00e9m \u00e9 ligeiramente superior (195 metros), e sua largura de 150 metros permite que o templo albergue em seu interior a mais de 18 mil pessoas. Al\u00e9m do templo, o complexo, que inclui colunatas similares \u00e0s do Vaticano, tem uma explanada na qual podem congregar-se 300 mil pessoas.<img loading=\"lazy\" decoding=\"async\" class=\" wp-image-62226 alignright\" src=\"http:\/\/portalcatolico.net\/portal\/wp-content\/uploads\/2018\/12\/view-300x225.jpg\" alt=\"\" width=\"272\" height=\"204\" srcset=\"http:\/\/portalcatolico.net\/portal\/wp-content\/uploads\/2018\/12\/view-300x225.jpg 300w, http:\/\/portalcatolico.net\/portal\/wp-content\/uploads\/2018\/12\/view.jpg 500w\" sizes=\"auto, (max-width: 272px) 100vw, 272px\" \/><\/p>\n<p>A monumental Bas\u00edlica foi edificada entre os anos 1986 a 1989 pelo ent\u00e3o presidente da Costa do Marfim, F\u00e9lix Houphouet-Boigny, que financiou pessoalmente a milion\u00e1ria obra. A Bas\u00edlica fez parte do projeto da cidade de Yamoussoukro, cidade natal do governante e designada como nova cidade capital. O templo foi constru\u00eddo com m\u00e1rmore importado da It\u00e1lia e adornado com vitrais fabricados na Fran\u00e7a, e oferecido como obs\u00e9quio \u00e0 Santa S\u00e9. Ap\u00f3s uma reflex\u00e3o inicial, foi aceito com a condi\u00e7\u00e3o de que se edificasse tamb\u00e9m um hospital para pacientes necessitados e uma universidade cat\u00f3lica.<\/p>\n<p>O templo foi consagrado pessoalmente pelo Papa S\u00e3o Jo\u00e3o Paulo II no dia 10 de setembro de 1990, em uma das poucas oportunidades na qual o templo pode ficar repleto. Paradoxalmente, a povoa\u00e7\u00e3o cat\u00f3lica da Costa do Marfim corresponde a cerca de 17 por cento do total da popula\u00e7\u00e3o, com 2,8 milh\u00f5es de batizados.(Gaudium Press)<\/p>\n","protected":false},"excerpt":{"rendered":"<p>Muitas pessoas podem se surpreender, mas a verdade \u00e9 que o templo mais alto do mundo cat\u00f3lico se encontra fora da Europa. A Bas\u00edlica de Nossa Senhora da Paz de Yamusukro, Costa de Marfim, \u00e9 o templo cat\u00f3lico mais alto do mundo e um dos maiores do planeta. Suas propor\u00e7\u00f5es rivalizam com o esplendor da&nbsp;<\/p>\n<p><a class=\"btn btn-style\" href=\"http:\/\/portalcatolico.net\/portal\/o-templo-catolico-mais-alto-do-mundo\/\">Continue Reading<\/a><\/p>\n","protected":false},"author":2,"featured_media":62223,"comment_status":"open","ping_status":"open","sticky":false,"template":"","format":"standard","meta":{"footnotes":""},"categories":[5],"tags":[],"class_list":["post-62222","post","type-post","status-publish","format-standard","has-post-thumbnail","hentry","category-igreja_no_mundo"],"_links":{"self":[{"href":"http:\/\/portalcatolico.net\/portal\/wp-json\/wp\/v2\/posts\/62222","targetHints":{"allow":["GET"]}}],"collection":[{"href":"http:\/\/portalcatolico.net\/portal\/wp-json\/wp\/v2\/posts"}],"about":[{"href":"http:\/\/portalcatolico.net\/portal\/wp-json\/wp\/v2\/types\/post"}],"author":[{"embeddable":true,"href":"http:\/\/portalcatolico.net\/portal\/wp-json\/wp\/v2\/users\/2"}],"replies":[{"embeddable":true,"href":"http:\/\/portalcatolico.net\/portal\/wp-json\/wp\/v2\/comments?post=62222"}],"version-history":[{"count":3,"href":"http:\/\/portalcatolico.net\/portal\/wp-json\/wp\/v2\/posts\/62222\/revisions"}],"predecessor-version":[{"id":62228,"href":"http:\/\/portalcatolico.net\/portal\/wp-json\/wp\/v2\/posts\/62222\/revisions\/62228"}],"wp:featuredmedia":[{"embeddable":true,"href":"http:\/\/portalcatolico.net\/portal\/wp-json\/wp\/v2\/media\/62223"}],"wp:attachment":[{"href":"http:\/\/portalcatolico.net\/portal\/wp-json\/wp\/v2\/media?parent=62222"}],"wp:term":[{"taxonomy":"category","embeddable":true,"href":"http:\/\/portalcatolico.net\/portal\/wp-json\/wp\/v2\/categories?post=62222"},{"taxonomy":"post_tag","embeddable":true,"href":"http:\/\/portalcatolico.net\/portal\/wp-json\/wp\/v2\/tags?post=62222"}],"curies":[{"name":"wp","href":"https:\/\/api.w.org\/{rel}","templated":true}]}}