{"id":62215,"date":"2018-11-30T16:21:14","date_gmt":"2018-11-30T19:21:14","guid":{"rendered":"http:\/\/portalcatolico.net\/portal\/?p=62215"},"modified":"2018-11-30T16:24:32","modified_gmt":"2018-11-30T19:24:32","slug":"comecou-em-itabuna-o-novenario-em-honra-a-nossa-senhora-da-conceicao","status":"publish","type":"post","link":"http:\/\/portalcatolico.net\/portal\/comecou-em-itabuna-o-novenario-em-honra-a-nossa-senhora-da-conceicao\/","title":{"rendered":"Come\u00e7ou em Itabuna o Noven\u00e1rio em honra \u00e0 Nossa Senhora da Concei\u00e7\u00e3o"},"content":{"rendered":"<p><img loading=\"lazy\" decoding=\"async\" class=\"wp-image-62217 aligncenter\" src=\"http:\/\/portalcatolico.net\/portal\/wp-content\/uploads\/2018\/11\/DSCN9771-300x225.jpg\" alt=\"\" width=\"736\" height=\"552\" srcset=\"http:\/\/portalcatolico.net\/portal\/wp-content\/uploads\/2018\/11\/DSCN9771-300x225.jpg 300w, http:\/\/portalcatolico.net\/portal\/wp-content\/uploads\/2018\/11\/DSCN9771-768x576.jpg 768w, http:\/\/portalcatolico.net\/portal\/wp-content\/uploads\/2018\/11\/DSCN9771.jpg 800w\" sizes=\"auto, (max-width: 736px) 100vw, 736px\" \/>A Par\u00f3quia Nossa Senhora da Concei\u00e7\u00e3o da Diocese de Itabuna (BA), iniciou&nbsp;<br \/>\nhoje, 29 de novembro, o Noven\u00e1rio em honra da santa que \u00e9 padroeira do bairro Concei\u00e7\u00e3o. O evento segue at\u00e9 o dia 8, grande dia da festa.<\/p>\n<p>Nesta quinta-feira, \u00e0s 18h, a primeira noite do Noven\u00e1rio come\u00e7ou com a ora\u00e7\u00e3o do ter\u00e7o e \u00e0s 19h, foi&nbsp;realizada a Coroa\u00e7\u00e3o de Nossa Senhora. Em seguida, aconteceu a santa missa com a presid\u00eancia e prega\u00e7\u00e3o do Pe. Romenic Oliveira Pereira&nbsp;(p\u00e1roco&nbsp; da Par\u00f3quia S\u00e3o Jos\u00e9 da cidade de Gandu, que pertence \u00e0 Diocese&nbsp;de Ilh\u00e9us).<\/p>\n<p>Na oportunidade, Pe. Romenic disse: &#8220;Um noven\u00e1rio se pauta em algumas afirmativas para que se possa ter f\u00e9 e na noite de hoje, a proposta do&nbsp;subtema que o Pe. Romenic refletiu foi: &#8220;Felizes os&nbsp;pobres em espirito, porque deles \u00e9 o reino dos C\u00e9us&#8221; (MT 5,3). &#8220;Esse tema \u00e9 refletido num contexto maior, no contexto em que estamos vivendo esses dias, na liturgia da Palavra, nesta \u00faltima semana do Ano lit\u00fargico, que nos aponta para a realidade do fim e que para a atitude de expectativa e vigil\u00e2ncia que todos n\u00f3s estamos devendo ser em nossa vida, em nossas a\u00e7\u00f5es do cotidiano&#8221;, disse Pe. Romenic.<\/p>\n<p>A concelebra\u00e7\u00e3o&nbsp; ficou por conta do pelo di\u00e1cono Sandoval, do padre Adriano&nbsp;Fernandes e dos seminaristas do Semin\u00e1rio Proped\u00eautico S\u00e3o Jos\u00e9 da&nbsp;Diocese de Itabuna.<\/p>\n<p>Na oportunidade, Padre Adriano falou sobre o tema central do Noven\u00e1rio: &#8220;Nestes preparativos estamos a refletir o tema da Santidade que nos foi proposto pela exalta\u00e7\u00e3o do Papa Francisco: &#8216;Bem-Aventurada Virgem Maria,&nbsp;mostra-nos o caminho da santidade&#8217;. No decorrer deste Noven\u00e1rio, estamos \u00e0 meditar cada dia as bem-aventuran\u00e7as proclamadas por Jesus no seu serm\u00e3o da montanha&#8221;.<\/p>\n<p>Vale ressaltar que, todos os dias, \u00e0s 18h, vai acontecer a ora\u00e7\u00e3o do ter\u00e7o, e \u00e0s 19 ,a santa missa. Ap\u00f3s a celebra\u00e7\u00e3o, os fieis podem usufruir da tradicional Festa do largo com quermesse e brincadeiras para as crian\u00e7as.<\/p>\n<p>Confira as fotos em nosso \u00e1lbuns&gt;<a href=\"https:\/\/www.youtube.com\/watch?v=ULMNtKimABE&amp;feature=share\"><strong>Clique aqui&nbsp;<\/strong><\/a><\/p>\n<p><strong>Assista o v\u00eddeo<\/strong><\/p>\n<p><iframe loading=\"lazy\"  id=\"_ytid_82527\"  width=\"480\" height=\"270\"  data-origwidth=\"480\" data-origheight=\"270\" src=\"https:\/\/www.youtube.com\/embed\/ULMNtKimABE?enablejsapi=1&#038;autoplay=0&#038;cc_load_policy=0&#038;cc_lang_pref=&#038;iv_load_policy=1&#038;loop=0&#038;rel=1&#038;fs=1&#038;playsinline=0&#038;autohide=2&#038;theme=dark&#038;color=red&#038;controls=1&#038;disablekb=0&#038;\" class=\"__youtube_prefs__  epyt-is-override  no-lazyload\" title=\"YouTube player\"  allow=\"fullscreen; accelerometer; autoplay; clipboard-write; encrypted-media; gyroscope; picture-in-picture; web-share\" referrerpolicy=\"strict-origin-when-cross-origin\" allowfullscreen data-no-lazy=\"1\" data-skipgform_ajax_framebjll=\"\"><\/iframe><\/p>\n<p>&nbsp;<\/p>\n","protected":false},"excerpt":{"rendered":"<p>A Par\u00f3quia Nossa Senhora da Concei\u00e7\u00e3o da Diocese de Itabuna (BA), iniciou&nbsp; hoje, 29 de novembro, o Noven\u00e1rio em honra da santa que \u00e9 padroeira do bairro Concei\u00e7\u00e3o. O evento segue at\u00e9 o dia 8, grande dia da festa. Nesta quinta-feira, \u00e0s 18h, a primeira noite do Noven\u00e1rio come\u00e7ou com a ora\u00e7\u00e3o do ter\u00e7o e&nbsp;<\/p>\n<p><a class=\"btn btn-style\" href=\"http:\/\/portalcatolico.net\/portal\/comecou-em-itabuna-o-novenario-em-honra-a-nossa-senhora-da-conceicao\/\">Continue Reading<\/a><\/p>\n","protected":false},"author":2,"featured_media":62216,"comment_status":"open","ping_status":"open","sticky":false,"template":"","format":"standard","meta":{"footnotes":""},"categories":[65],"tags":[],"class_list":["post-62215","post","type-post","status-publish","format-standard","has-post-thumbnail","hentry","category-entrevistas"],"_links":{"self":[{"href":"http:\/\/portalcatolico.net\/portal\/wp-json\/wp\/v2\/posts\/62215","targetHints":{"allow":["GET"]}}],"collection":[{"href":"http:\/\/portalcatolico.net\/portal\/wp-json\/wp\/v2\/posts"}],"about":[{"href":"http:\/\/portalcatolico.net\/portal\/wp-json\/wp\/v2\/types\/post"}],"author":[{"embeddable":true,"href":"http:\/\/portalcatolico.net\/portal\/wp-json\/wp\/v2\/users\/2"}],"replies":[{"embeddable":true,"href":"http:\/\/portalcatolico.net\/portal\/wp-json\/wp\/v2\/comments?post=62215"}],"version-history":[{"count":4,"href":"http:\/\/portalcatolico.net\/portal\/wp-json\/wp\/v2\/posts\/62215\/revisions"}],"predecessor-version":[{"id":62221,"href":"http:\/\/portalcatolico.net\/portal\/wp-json\/wp\/v2\/posts\/62215\/revisions\/62221"}],"wp:featuredmedia":[{"embeddable":true,"href":"http:\/\/portalcatolico.net\/portal\/wp-json\/wp\/v2\/media\/62216"}],"wp:attachment":[{"href":"http:\/\/portalcatolico.net\/portal\/wp-json\/wp\/v2\/media?parent=62215"}],"wp:term":[{"taxonomy":"category","embeddable":true,"href":"http:\/\/portalcatolico.net\/portal\/wp-json\/wp\/v2\/categories?post=62215"},{"taxonomy":"post_tag","embeddable":true,"href":"http:\/\/portalcatolico.net\/portal\/wp-json\/wp\/v2\/tags?post=62215"}],"curies":[{"name":"wp","href":"https:\/\/api.w.org\/{rel}","templated":true}]}}