{"id":62206,"date":"2018-11-29T22:57:31","date_gmt":"2018-11-30T01:57:31","guid":{"rendered":"http:\/\/portalcatolico.net\/portal\/?p=62206"},"modified":"2018-11-29T22:57:31","modified_gmt":"2018-11-30T01:57:31","slug":"santo-andre-e-celebrado-em-itubera","status":"publish","type":"post","link":"http:\/\/portalcatolico.net\/portal\/santo-andre-e-celebrado-em-itubera\/","title":{"rendered":"Santo Andr\u00e9 \u00e9 celebrado em Ituber\u00e1!"},"content":{"rendered":"<p>O Noven\u00e1rio e Festa de Santo Andr\u00e9, padroeiro da cidade de Ituber\u00e1 (BA), est\u00e1 sendo&nbsp;realizada pela Par\u00f3quia de Santo Andr\u00e9 pertencente \u00e0 diocese de&nbsp;Ilh\u00e9us (BA).<\/p>\n<p>A Novena est\u00e1&nbsp;&nbsp;acontecendo no Santu\u00e1rio de Santo&nbsp;Andr\u00e9, todas as noites,&nbsp;&nbsp;\u00e0s 19h, desde o dia 21 de novembro.<\/p>\n<p>No dia 30, acontece&nbsp;&nbsp;a festa e a consagra\u00e7\u00e3o&nbsp; de Santo Andr\u00e9, onde ser\u00e3o celebradas duas&nbsp;missas pela manh\u00e3 (7h, missa das inten\u00e7\u00f5es ,com o Pe. Gen\u00e1rio; e outra \u00e0s&nbsp; 9h30). \u00c0s 15h, tem momento de ora\u00e7\u00e3o&nbsp; e&nbsp;Ter\u00e7o dos Homens. \u00c0s 16h, tem caminhada de f\u00e9 e \u00e0s 17H30, ben\u00e7\u00e3o com Sant\u00edssimo&nbsp;Sacramento. Em seguida, acontece um show cat\u00f3lico.<\/p>\n<p>Neste ano, o tema do evento \u00e9: &#8220;Restauramos a vida em virtude da santidade&#8221;.<\/p>\n<p>Participe!<\/p>\n<p>Foto: Pascom\/Par\u00f3quia Santo Andr\u00e9<\/p>\n","protected":false},"excerpt":{"rendered":"<p>O Noven\u00e1rio e Festa de Santo Andr\u00e9, padroeiro da cidade de Ituber\u00e1 (BA), est\u00e1 sendo&nbsp;realizada pela Par\u00f3quia de Santo Andr\u00e9 pertencente \u00e0 diocese de&nbsp;Ilh\u00e9us (BA). A Novena est\u00e1&nbsp;&nbsp;acontecendo no Santu\u00e1rio de Santo&nbsp;Andr\u00e9, todas as noites,&nbsp;&nbsp;\u00e0s 19h, desde o dia 21 de novembro. No dia 30, acontece&nbsp;&nbsp;a festa e a consagra\u00e7\u00e3o&nbsp; de Santo Andr\u00e9, onde ser\u00e3o&nbsp;<\/p>\n<p><a class=\"btn btn-style\" href=\"http:\/\/portalcatolico.net\/portal\/santo-andre-e-celebrado-em-itubera\/\">Continue Reading<\/a><\/p>\n","protected":false},"author":2,"featured_media":62207,"comment_status":"open","ping_status":"open","sticky":false,"template":"","format":"standard","meta":{"footnotes":""},"categories":[4],"tags":[],"class_list":["post-62206","post","type-post","status-publish","format-standard","has-post-thumbnail","hentry","category-destaques"],"_links":{"self":[{"href":"http:\/\/portalcatolico.net\/portal\/wp-json\/wp\/v2\/posts\/62206","targetHints":{"allow":["GET"]}}],"collection":[{"href":"http:\/\/portalcatolico.net\/portal\/wp-json\/wp\/v2\/posts"}],"about":[{"href":"http:\/\/portalcatolico.net\/portal\/wp-json\/wp\/v2\/types\/post"}],"author":[{"embeddable":true,"href":"http:\/\/portalcatolico.net\/portal\/wp-json\/wp\/v2\/users\/2"}],"replies":[{"embeddable":true,"href":"http:\/\/portalcatolico.net\/portal\/wp-json\/wp\/v2\/comments?post=62206"}],"version-history":[{"count":1,"href":"http:\/\/portalcatolico.net\/portal\/wp-json\/wp\/v2\/posts\/62206\/revisions"}],"predecessor-version":[{"id":62208,"href":"http:\/\/portalcatolico.net\/portal\/wp-json\/wp\/v2\/posts\/62206\/revisions\/62208"}],"wp:featuredmedia":[{"embeddable":true,"href":"http:\/\/portalcatolico.net\/portal\/wp-json\/wp\/v2\/media\/62207"}],"wp:attachment":[{"href":"http:\/\/portalcatolico.net\/portal\/wp-json\/wp\/v2\/media?parent=62206"}],"wp:term":[{"taxonomy":"category","embeddable":true,"href":"http:\/\/portalcatolico.net\/portal\/wp-json\/wp\/v2\/categories?post=62206"},{"taxonomy":"post_tag","embeddable":true,"href":"http:\/\/portalcatolico.net\/portal\/wp-json\/wp\/v2\/tags?post=62206"}],"curies":[{"name":"wp","href":"https:\/\/api.w.org\/{rel}","templated":true}]}}