{"id":62202,"date":"2018-11-28T20:33:43","date_gmt":"2018-11-28T23:33:43","guid":{"rendered":"http:\/\/portalcatolico.net\/portal\/?p=62202"},"modified":"2018-11-28T20:33:43","modified_gmt":"2018-11-28T23:33:43","slug":"catolicos-de-arataca-celebram-nossa-senhora-da-conceicao","status":"publish","type":"post","link":"http:\/\/portalcatolico.net\/portal\/catolicos-de-arataca-celebram-nossa-senhora-da-conceicao\/","title":{"rendered":"Cat\u00f3licos de Arataca celebram Nossa Senhora da Concei\u00e7\u00e3o"},"content":{"rendered":"<div dir=\"auto\">Com o tema &#8220;Sobre o chamado a santidade&#8221; (Exorta\u00e7\u00e3o Apost\u00f3lico Papa Francisco), come\u00e7ar\u00e1 em Arataca, no dia 29 de novembro, o Noven\u00e1rio em honra \u00e0 Nossa Senhora da Concei\u00e7\u00e3o.<\/div>\n<div dir=\"auto\">A santa missa acontecer\u00e1 todas as noites, \u00e0s 19h.&nbsp;<\/div>\n<div dir=\"auto\">O Noven\u00e1rio segue at\u00e9 o dia 8 de dezembro.<\/p>\n<\/div>\n<div dir=\"auto\">Confira a programa\u00e7\u00e3o do dia 8, feriado municipal:<\/p>\n<\/div>\n<div dir=\"auto\">05h Alvorada&nbsp;<\/div>\n<div dir=\"auto\">06h Of\u00edcio cantado<\/div>\n<div dir=\"auto\">10h Solene Celebra\u00e7\u00e3o Eucar\u00edstica&nbsp;<\/div>\n<div dir=\"auto\">12h Queima de fogos nas resid\u00eancias<\/div>\n<div dir=\"auto\">17h Prociss\u00e3o percorrendo as principais ruas da cidade, encerrando com a b\u00ean\u00e7\u00e3o do Sant\u00edssimo sacramento.&nbsp;<\/p>\n<\/div>\n<div dir=\"auto\">Vale ressaltar que todas as noites haver\u00e1 quermesse e toda a renda ser\u00e1 em prol da Igreja matriz. A par\u00f3quia tem como padre respons\u00e1vel, Pe. Telmo Soares.&nbsp;<\/div>\n<div dir=\"auto\"><img loading=\"lazy\" decoding=\"async\" class=\"wp-image-62203 aligncenter\" src=\"http:\/\/portalcatolico.net\/portal\/wp-content\/uploads\/2018\/11\/46793846_1166751493480917_9138845156324147200_n-1-300x215.jpg\" alt=\"\" width=\"740\" height=\"530\" srcset=\"http:\/\/portalcatolico.net\/portal\/wp-content\/uploads\/2018\/11\/46793846_1166751493480917_9138845156324147200_n-1-300x215.jpg 300w, http:\/\/portalcatolico.net\/portal\/wp-content\/uploads\/2018\/11\/46793846_1166751493480917_9138845156324147200_n-1-768x550.jpg 768w, http:\/\/portalcatolico.net\/portal\/wp-content\/uploads\/2018\/11\/46793846_1166751493480917_9138845156324147200_n-1.jpg 960w\" sizes=\"auto, (max-width: 740px) 100vw, 740px\" \/><\/div>\n","protected":false},"excerpt":{"rendered":"<p>Com o tema &#8220;Sobre o chamado a santidade&#8221; (Exorta\u00e7\u00e3o Apost\u00f3lico Papa Francisco), come\u00e7ar\u00e1 em Arataca, no dia 29 de novembro, o Noven\u00e1rio em honra \u00e0 Nossa Senhora da Concei\u00e7\u00e3o. A santa missa acontecer\u00e1 todas as noites, \u00e0s 19h.&nbsp; O Noven\u00e1rio segue at\u00e9 o dia 8 de dezembro. Confira a programa\u00e7\u00e3o do dia 8, feriado municipal:&nbsp;<\/p>\n<p><a class=\"btn btn-style\" href=\"http:\/\/portalcatolico.net\/portal\/catolicos-de-arataca-celebram-nossa-senhora-da-conceicao\/\">Continue Reading<\/a><\/p>\n","protected":false},"author":2,"featured_media":62204,"comment_status":"open","ping_status":"open","sticky":false,"template":"","format":"standard","meta":{"footnotes":""},"categories":[1],"tags":[],"class_list":["post-62202","post","type-post","status-publish","format-standard","has-post-thumbnail","hentry","category-agenda"],"_links":{"self":[{"href":"http:\/\/portalcatolico.net\/portal\/wp-json\/wp\/v2\/posts\/62202","targetHints":{"allow":["GET"]}}],"collection":[{"href":"http:\/\/portalcatolico.net\/portal\/wp-json\/wp\/v2\/posts"}],"about":[{"href":"http:\/\/portalcatolico.net\/portal\/wp-json\/wp\/v2\/types\/post"}],"author":[{"embeddable":true,"href":"http:\/\/portalcatolico.net\/portal\/wp-json\/wp\/v2\/users\/2"}],"replies":[{"embeddable":true,"href":"http:\/\/portalcatolico.net\/portal\/wp-json\/wp\/v2\/comments?post=62202"}],"version-history":[{"count":1,"href":"http:\/\/portalcatolico.net\/portal\/wp-json\/wp\/v2\/posts\/62202\/revisions"}],"predecessor-version":[{"id":62205,"href":"http:\/\/portalcatolico.net\/portal\/wp-json\/wp\/v2\/posts\/62202\/revisions\/62205"}],"wp:featuredmedia":[{"embeddable":true,"href":"http:\/\/portalcatolico.net\/portal\/wp-json\/wp\/v2\/media\/62204"}],"wp:attachment":[{"href":"http:\/\/portalcatolico.net\/portal\/wp-json\/wp\/v2\/media?parent=62202"}],"wp:term":[{"taxonomy":"category","embeddable":true,"href":"http:\/\/portalcatolico.net\/portal\/wp-json\/wp\/v2\/categories?post=62202"},{"taxonomy":"post_tag","embeddable":true,"href":"http:\/\/portalcatolico.net\/portal\/wp-json\/wp\/v2\/tags?post=62202"}],"curies":[{"name":"wp","href":"https:\/\/api.w.org\/{rel}","templated":true}]}}