{"id":62196,"date":"2018-11-27T19:40:14","date_gmt":"2018-11-27T22:40:14","guid":{"rendered":"http:\/\/portalcatolico.net\/portal\/?p=62196"},"modified":"2018-11-27T19:42:19","modified_gmt":"2018-11-27T22:42:19","slug":"padre-agnaldo-e-empossado-na-paroquia-senhor-do-bonfim-em-jussari","status":"publish","type":"post","link":"http:\/\/portalcatolico.net\/portal\/padre-agnaldo-e-empossado-na-paroquia-senhor-do-bonfim-em-jussari\/","title":{"rendered":"Padre Agnaldo \u00e9 empossado na Par\u00f3quia Senhor do Bonfim em Jussari"},"content":{"rendered":"<p style=\"font-weight: 400;\">A Par\u00f3quia Senhor do Bonfim na cidade de Jussari, no sul da Bahia,&nbsp;&nbsp;acolheu com muita alegria nesta segunda-feira,&nbsp; 26&nbsp; de Novembro,&nbsp;o seu novo pastor, o Pe. Jos\u00e9 Agnaldo dos Santos. O Reverendo foi&nbsp;empossado como Administrador paroquial em Santa Missa ,\u00e0s 19h, com a&nbsp;&nbsp;presid\u00eancia de Dom Carlos Alberto dos Santos, bispo da diocese de&nbsp;Itabuna e concelebra\u00e7\u00e3o de v\u00e1rios padres da Diocese.<br \/>\nAp\u00f3s a leitura da provis\u00e3o de nomea\u00e7\u00e3o&nbsp; que foi lida pelo padre Mois\u00e9s&nbsp;de Souza ao&nbsp; Pe. Jos\u00e9 Agnaldo dos Santos, o novo Administrador paroquial fez o juramento de fidelidade e a profiss\u00e3o de f\u00e9. Em seguida, recebeu o&nbsp;Livro dos Evangelhos, os \u00f3leos sagrados, as chaves do confession\u00e1rio, do&nbsp;sacr\u00e1rio e da igreja e a estola de confiss\u00f5es.<\/p>\n<p style=\"font-weight: 400;\">O Padre Jos\u00e9 Agnaldo dos&nbsp;Santos&nbsp; abriu o Sacr\u00e1rio, incensou, e&nbsp; fez um breve momento de adora\u00e7\u00e3o&nbsp;ao Jesus Eucar\u00edstico, juntamente com o bispo e alguns padres.<br \/>\nO rito de posse continuou com a profiss\u00e3o de f\u00e9 feita pelo padre Jos\u00e9&nbsp;Agnaldo e a confirma\u00e7\u00e3o do compromisso sacerdotal de cuidar com zelo da&nbsp;par\u00f3quia a ele confiada, renovando os prop\u00f3sitos prometidos durante a&nbsp;ordena\u00e7\u00e3o sacerdotal diante do bispo e da comunidade presente,&nbsp;reafirmando o desejo de ser um fiel cooperador da ordem episcopal e&nbsp;obediente ao bispo local e aos seus sucessores em sua diocese.<\/p>\n<p style=\"font-weight: 400;\">Em seguida, foi feita a assinatura do documento de posse can\u00f4nica por&nbsp;Dom Carlos Alberto e pelos padres presente na celebra\u00e7\u00e3o.<\/p>\n<p style=\"font-weight: 400;\">Participaram da santa missa de posse, o prefeito&nbsp;da cidade, vereadores, entre outras autoridades.<\/p>\n<p style=\"font-weight: 400;\">Na oportunidade, j\u00e1 empossado, Pe. Jos\u00e9 Agnaldo fez um agradecimento especial: &#8220;Aproveito essa oportunidade pra agradecer a Dom Carlos pela confian\u00e7a em mim. Tenho certeza que ele est\u00e1 me dando posse nessa noite com o cora\u00e7\u00e3o e a alma cheios de alegria&#8221;.<\/p>\n<p style=\"font-weight: 400;\">Vale ressaltar que o Padre&nbsp;&nbsp;Agnaldo j\u00e1 teve experi\u00eancias como p\u00e1roco e vig\u00e1rio em outras par\u00f3quias&nbsp;da Diocese de Itabuna.<\/p>\n<p><a href=\"https:\/\/www.facebook.com\/portalcatolicooficial\">Clique aqui e confira as fotos em nossa p\u00e1gina do Facebook<\/a><\/p>\n","protected":false},"excerpt":{"rendered":"<p>A Par\u00f3quia Senhor do Bonfim na cidade de Jussari, no sul da Bahia,&nbsp;&nbsp;acolheu com muita alegria nesta segunda-feira,&nbsp; 26&nbsp; de Novembro,&nbsp;o seu novo pastor, o Pe. Jos\u00e9 Agnaldo dos Santos. O Reverendo foi&nbsp;empossado como Administrador paroquial em Santa Missa ,\u00e0s 19h, com a&nbsp;&nbsp;presid\u00eancia de Dom Carlos Alberto dos Santos, bispo da diocese de&nbsp;Itabuna e concelebra\u00e7\u00e3o&nbsp;<\/p>\n<p><a class=\"btn btn-style\" href=\"http:\/\/portalcatolico.net\/portal\/padre-agnaldo-e-empossado-na-paroquia-senhor-do-bonfim-em-jussari\/\">Continue Reading<\/a><\/p>\n","protected":false},"author":2,"featured_media":62197,"comment_status":"open","ping_status":"open","sticky":false,"template":"","format":"standard","meta":{"footnotes":""},"categories":[68],"tags":[],"class_list":["post-62196","post","type-post","status-publish","format-standard","has-post-thumbnail","hentry","category-homilias"],"_links":{"self":[{"href":"http:\/\/portalcatolico.net\/portal\/wp-json\/wp\/v2\/posts\/62196","targetHints":{"allow":["GET"]}}],"collection":[{"href":"http:\/\/portalcatolico.net\/portal\/wp-json\/wp\/v2\/posts"}],"about":[{"href":"http:\/\/portalcatolico.net\/portal\/wp-json\/wp\/v2\/types\/post"}],"author":[{"embeddable":true,"href":"http:\/\/portalcatolico.net\/portal\/wp-json\/wp\/v2\/users\/2"}],"replies":[{"embeddable":true,"href":"http:\/\/portalcatolico.net\/portal\/wp-json\/wp\/v2\/comments?post=62196"}],"version-history":[{"count":3,"href":"http:\/\/portalcatolico.net\/portal\/wp-json\/wp\/v2\/posts\/62196\/revisions"}],"predecessor-version":[{"id":62200,"href":"http:\/\/portalcatolico.net\/portal\/wp-json\/wp\/v2\/posts\/62196\/revisions\/62200"}],"wp:featuredmedia":[{"embeddable":true,"href":"http:\/\/portalcatolico.net\/portal\/wp-json\/wp\/v2\/media\/62197"}],"wp:attachment":[{"href":"http:\/\/portalcatolico.net\/portal\/wp-json\/wp\/v2\/media?parent=62196"}],"wp:term":[{"taxonomy":"category","embeddable":true,"href":"http:\/\/portalcatolico.net\/portal\/wp-json\/wp\/v2\/categories?post=62196"},{"taxonomy":"post_tag","embeddable":true,"href":"http:\/\/portalcatolico.net\/portal\/wp-json\/wp\/v2\/tags?post=62196"}],"curies":[{"name":"wp","href":"https:\/\/api.w.org\/{rel}","templated":true}]}}