{"id":62192,"date":"2018-11-27T19:33:46","date_gmt":"2018-11-27T22:33:46","guid":{"rendered":"http:\/\/portalcatolico.net\/portal\/?p=62192"},"modified":"2018-11-27T19:33:46","modified_gmt":"2018-11-27T22:33:46","slug":"o-nosso-trabalho-nao-termina-mas-comeca-diz-dom-valdemir-sobre-o-dnj-e-encerramento-do-ano-do-laicato","status":"publish","type":"post","link":"http:\/\/portalcatolico.net\/portal\/o-nosso-trabalho-nao-termina-mas-comeca-diz-dom-valdemir-sobre-o-dnj-e-encerramento-do-ano-do-laicato\/","title":{"rendered":"\u201cO nosso trabalho n\u00e3o termina mas come\u00e7a\u201d, diz Dom Valdemir sobre o DNJ e Encerramento do Ano do Laicato"},"content":{"rendered":"<p><img loading=\"lazy\" decoding=\"async\" class=\"wp-image-62194 aligncenter\" src=\"http:\/\/portalcatolico.net\/portal\/wp-content\/uploads\/2018\/11\/missa-dom-valdemir-001-300x120.jpg\" alt=\"\" width=\"738\" height=\"295\" srcset=\"http:\/\/portalcatolico.net\/portal\/wp-content\/uploads\/2018\/11\/missa-dom-valdemir-001-300x120.jpg 300w, http:\/\/portalcatolico.net\/portal\/wp-content\/uploads\/2018\/11\/missa-dom-valdemir-001.jpg 700w\" sizes=\"auto, (max-width: 738px) 100vw, 738px\" \/>Durante o \u2018evento\u2019 DNJ \u2013 Dia Nacional da Juventude e Encerramento do Ano do Laicato da Diocese de Amargosa, realizado em Santo Ant\u00f4nio de Jesus, neste fim de semana (23, 24 e 25), o bispo diocesano, Dom Valdemir Ferreira, falou que tudo que foi feito no DNJ foi em comunh\u00e3o com a Pastoral da Juventude regional e nacional.<\/p>\n<p>\u201cTudo foi feito na mesma dire\u00e7\u00e3o em que o Papa Francisco nos convoca a partir do s\u00ednodo dos jovens. N\u00f3s queremos favorecer ao jovem esse discernimento vocacional, para que a nossa f\u00e9 seja robustecida e a nossa esperan\u00e7a seja reavivada, para concretizar o amor de Deus em n\u00f3s\u201d, disse.<\/p>\n<p>Sobre o Encerramento do Ano do Laicato, Dom Valdemir espera que a partir desse dia \u201ctomemos a consci\u00eancia de que o nosso trabalho n\u00e3o termina mas come\u00e7a, porque \u00e9 pelo batismo e a partir dele que nos tornamos ungidos pelo esp\u00edrito, e na sua for\u00e7a nos tornamos disc\u00edpulos e mission\u00e1rio de Nosso Senhor Jesus Cristo, construindo o seu reino de justi\u00e7a e paz, de amor e de verdade, favorecendo a cultura da vida e da esperan\u00e7a\u201d, concluiu.<\/p>\n<p>Fotos: H\u00e9lio Alves\/ Tribuna do Rec\u00f4ncavo e&nbsp;Cosme Santo<\/p>\n<p>Texto: H\u00e9lio Alves\/ Tribuna do Rec\u00f4ncavo<\/p>\n","protected":false},"excerpt":{"rendered":"<p>Durante o \u2018evento\u2019 DNJ \u2013 Dia Nacional da Juventude e Encerramento do Ano do Laicato da Diocese de Amargosa, realizado em Santo Ant\u00f4nio de Jesus, neste fim de semana (23, 24 e 25), o bispo diocesano, Dom Valdemir Ferreira, falou que tudo que foi feito no DNJ foi em comunh\u00e3o com a Pastoral da Juventude&nbsp;<\/p>\n<p><a class=\"btn btn-style\" href=\"http:\/\/portalcatolico.net\/portal\/o-nosso-trabalho-nao-termina-mas-comeca-diz-dom-valdemir-sobre-o-dnj-e-encerramento-do-ano-do-laicato\/\">Continue Reading<\/a><\/p>\n","protected":false},"author":2,"featured_media":62193,"comment_status":"open","ping_status":"open","sticky":false,"template":"","format":"standard","meta":{"footnotes":""},"categories":[65],"tags":[],"class_list":["post-62192","post","type-post","status-publish","format-standard","has-post-thumbnail","hentry","category-entrevistas"],"_links":{"self":[{"href":"http:\/\/portalcatolico.net\/portal\/wp-json\/wp\/v2\/posts\/62192","targetHints":{"allow":["GET"]}}],"collection":[{"href":"http:\/\/portalcatolico.net\/portal\/wp-json\/wp\/v2\/posts"}],"about":[{"href":"http:\/\/portalcatolico.net\/portal\/wp-json\/wp\/v2\/types\/post"}],"author":[{"embeddable":true,"href":"http:\/\/portalcatolico.net\/portal\/wp-json\/wp\/v2\/users\/2"}],"replies":[{"embeddable":true,"href":"http:\/\/portalcatolico.net\/portal\/wp-json\/wp\/v2\/comments?post=62192"}],"version-history":[{"count":1,"href":"http:\/\/portalcatolico.net\/portal\/wp-json\/wp\/v2\/posts\/62192\/revisions"}],"predecessor-version":[{"id":62195,"href":"http:\/\/portalcatolico.net\/portal\/wp-json\/wp\/v2\/posts\/62192\/revisions\/62195"}],"wp:featuredmedia":[{"embeddable":true,"href":"http:\/\/portalcatolico.net\/portal\/wp-json\/wp\/v2\/media\/62193"}],"wp:attachment":[{"href":"http:\/\/portalcatolico.net\/portal\/wp-json\/wp\/v2\/media?parent=62192"}],"wp:term":[{"taxonomy":"category","embeddable":true,"href":"http:\/\/portalcatolico.net\/portal\/wp-json\/wp\/v2\/categories?post=62192"},{"taxonomy":"post_tag","embeddable":true,"href":"http:\/\/portalcatolico.net\/portal\/wp-json\/wp\/v2\/tags?post=62192"}],"curies":[{"name":"wp","href":"https:\/\/api.w.org\/{rel}","templated":true}]}}