{"id":62189,"date":"2018-11-27T19:29:51","date_gmt":"2018-11-27T22:29:51","guid":{"rendered":"http:\/\/portalcatolico.net\/portal\/?p=62189"},"modified":"2018-11-27T19:29:51","modified_gmt":"2018-11-27T22:29:51","slug":"roma-acolhera-primeiro-encontro-internacional-de-reitores-de-santuarios","status":"publish","type":"post","link":"http:\/\/portalcatolico.net\/portal\/roma-acolhera-primeiro-encontro-internacional-de-reitores-de-santuarios\/","title":{"rendered":"Roma acolher\u00e1 primeiro encontro internacional de reitores de santu\u00e1rios"},"content":{"rendered":"<p>&#8220;O Santu\u00e1rio, porta aberta para nova evangeliza\u00e7\u00e3o&#8221; ser\u00e1 o t\u00edtulo do primeiro encontro internacional de reitores e colaboradores de santu\u00e1rios do mundo, que ser\u00e1 realizado na Pontif\u00edcia Universidade Lateranense de Roma.<\/p>\n<p>A iniciativa \u00e9 organizada pelo Pontif\u00edcio Conselho para a Promo\u00e7\u00e3o da Nova Evangeliza\u00e7\u00e3o e acontecer\u00e1 de 27 a 29 de novembro deste ano.<\/p>\n<p>O programa prev\u00ea que, no primeiro dia, o presidente do Dicast\u00e9rio, Dom Rino Fisichella, explique o papel do santu\u00e1rio como &#8220;centro propulsor da nova evangeliza\u00e7\u00e3o&#8221;. Posteriormente, os participantes refletir\u00e3o sobre a pedagogia da evangeliza\u00e7\u00e3o na pastoral dos santu\u00e1rios, o an\u00fancio da f\u00e9 e os santu\u00e1rios como guardi\u00f5es silenciosos do mist\u00e9rio e da beleza.<\/p>\n<p>No dia seguinte, os participantes visitar\u00e3o a Bas\u00edlica de Santa Maria Maior, onde haver\u00e1 uma celebra\u00e7\u00e3o Eucar\u00edstica.<\/p>\n<p>\u00c0 tarde, o Administrador Apost\u00f3lico do Patriarcado Latino de Jerusal\u00e9m, Dom Pierbattista Pizzaballa, dar\u00e1 a palestra &#8220;Porta aberta para os crentes e n\u00e3o crentes&#8221;, e Pe. Cesare Pagazzi explicar\u00e1 como os santu\u00e1rios s\u00e3o uma &#8220;porta aberta para os crist\u00e3os em meio \u00e0 cultura da indiferen\u00e7a&#8221;.<\/p>\n<p>No \u00faltimo dia, o secret\u00e1rio executivo do Departamento de Miss\u00e3o e Espiritualidade do CELAM, Pe. Carlos Guillermo Arias Jim\u00e9nez, falar\u00e1 sobre &#8220;o santu\u00e1rio e a nostalgia de Deus dos jovens&#8221;. Em seguida, compartilhar\u00e3o testemunhos de diferentes lugares do mundo. Ao final da manh\u00e3, os participantes ter\u00e3o uma audi\u00eancia com o Papa Francisco.(ACI Digital)<\/p>\n<p>Por Mercedes de La Torre<\/p>\n<p>Santu\u00e1rio de F\u00e1tima em Portugal &#8211; Foto: Flickr Therese C (CC BY 2.0)<\/p>\n<p>&nbsp;<\/p>\n","protected":false},"excerpt":{"rendered":"<p>&#8220;O Santu\u00e1rio, porta aberta para nova evangeliza\u00e7\u00e3o&#8221; ser\u00e1 o t\u00edtulo do primeiro encontro internacional de reitores e colaboradores de santu\u00e1rios do mundo, que ser\u00e1 realizado na Pontif\u00edcia Universidade Lateranense de Roma. A iniciativa \u00e9 organizada pelo Pontif\u00edcio Conselho para a Promo\u00e7\u00e3o da Nova Evangeliza\u00e7\u00e3o e acontecer\u00e1 de 27 a 29 de novembro deste ano. O&nbsp;<\/p>\n<p><a class=\"btn btn-style\" href=\"http:\/\/portalcatolico.net\/portal\/roma-acolhera-primeiro-encontro-internacional-de-reitores-de-santuarios\/\">Continue Reading<\/a><\/p>\n","protected":false},"author":2,"featured_media":62190,"comment_status":"open","ping_status":"open","sticky":false,"template":"","format":"standard","meta":{"footnotes":""},"categories":[5],"tags":[],"class_list":["post-62189","post","type-post","status-publish","format-standard","has-post-thumbnail","hentry","category-igreja_no_mundo"],"_links":{"self":[{"href":"http:\/\/portalcatolico.net\/portal\/wp-json\/wp\/v2\/posts\/62189","targetHints":{"allow":["GET"]}}],"collection":[{"href":"http:\/\/portalcatolico.net\/portal\/wp-json\/wp\/v2\/posts"}],"about":[{"href":"http:\/\/portalcatolico.net\/portal\/wp-json\/wp\/v2\/types\/post"}],"author":[{"embeddable":true,"href":"http:\/\/portalcatolico.net\/portal\/wp-json\/wp\/v2\/users\/2"}],"replies":[{"embeddable":true,"href":"http:\/\/portalcatolico.net\/portal\/wp-json\/wp\/v2\/comments?post=62189"}],"version-history":[{"count":1,"href":"http:\/\/portalcatolico.net\/portal\/wp-json\/wp\/v2\/posts\/62189\/revisions"}],"predecessor-version":[{"id":62191,"href":"http:\/\/portalcatolico.net\/portal\/wp-json\/wp\/v2\/posts\/62189\/revisions\/62191"}],"wp:featuredmedia":[{"embeddable":true,"href":"http:\/\/portalcatolico.net\/portal\/wp-json\/wp\/v2\/media\/62190"}],"wp:attachment":[{"href":"http:\/\/portalcatolico.net\/portal\/wp-json\/wp\/v2\/media?parent=62189"}],"wp:term":[{"taxonomy":"category","embeddable":true,"href":"http:\/\/portalcatolico.net\/portal\/wp-json\/wp\/v2\/categories?post=62189"},{"taxonomy":"post_tag","embeddable":true,"href":"http:\/\/portalcatolico.net\/portal\/wp-json\/wp\/v2\/tags?post=62189"}],"curies":[{"name":"wp","href":"https:\/\/api.w.org\/{rel}","templated":true}]}}