{"id":62186,"date":"2018-11-27T06:34:41","date_gmt":"2018-11-27T09:34:41","guid":{"rendered":"http:\/\/portalcatolico.net\/portal\/?p=62186"},"modified":"2018-11-27T06:34:41","modified_gmt":"2018-11-27T09:34:41","slug":"devotos-se-preparam-para-a-festa-da-padroeira-da-bahia","status":"publish","type":"post","link":"http:\/\/portalcatolico.net\/portal\/devotos-se-preparam-para-a-festa-da-padroeira-da-bahia\/","title":{"rendered":"Devotos se preparam para a festa da Padroeira da Bahia"},"content":{"rendered":"<p>No dia 8 de dezembro, a Igreja celebra a Festa de Nossa Senhora da Concei\u00e7\u00e3o, padroeira do Estado da Bahia. Em prepara\u00e7\u00e3o a esta data, os fi\u00e9is participam de programa\u00e7\u00f5es especiais, que contam com Missas, noven\u00e1rios, carreatas, prociss\u00f5es e encontros em todas as par\u00f3quias dedicadas \u00e0 M\u00e3e de Jesus sob o t\u00edtulo de Nossa Senhora da Concei\u00e7\u00e3o. N\u00f3s destacamos algumas programa\u00e7\u00f5es. Confira:<\/p>\n<p><strong>Bas\u00edlica Santu\u00e1rio Nossa Senhora da Concei\u00e7\u00e3o da Praia<\/strong><\/p>\n<p>Com o tema&nbsp;<em>Com a Virgem Maria proclamamos: \u201cSanto \u00e9 o Seu nome (Lc 1,49)\u201d. Sede santos tamb\u00e9m v\u00f3s (I Pd 1, 15)<\/em>, a Bas\u00edlica Santu\u00e1rio Nossa Senhora da Concei\u00e7\u00e3o da Praia celebra a Festa da Padroeira da Bahia no dia 8 de dezembro. Como parte da programa\u00e7\u00e3o, no dia 27 de novembro, acontecer\u00e1 a Prociss\u00e3o da Luz. A concentra\u00e7\u00e3o ser\u00e1 \u00e0s 18h na Igreja dos Aflitos e, logo em seguida, os fi\u00e9is caminhar\u00e3o at\u00e9 a Bas\u00edlica Nossa Senhora da Concei\u00e7\u00e3o da Praia, onde participar\u00e3o da Missa \u00e0s 19h30.<\/p>\n<p>De 29 de novembro a 7 de dezembro, acontecer\u00e1 o noven\u00e1rio em honra \u00e0 M\u00e3e de Jesus, sempre \u00e0s 19h. Diariamente, \u00e0s 16h30, tamb\u00e9m ser\u00e3o celebradas Missas, com exce\u00e7\u00e3o do dia 1\u00ba de dezembro, quando os fi\u00e9is participar\u00e3o de uma Tarde de Louvor, \u00e0s 15h. Durante o noven\u00e1rio, as par\u00f3quias, os grupos, os movimentos e as pastorais da Arquidiocese de Salvador s\u00e3o convidadas a participar.<\/p>\n<p>No dia dedicado \u00e0 Imaculada Concei\u00e7\u00e3o da M\u00e3e de Deus (8), ser\u00e3o celebradas Missas \u00e0s 5h, 6h, 7h, 12h, 14h, 15h e 16h. O ponto alto da festa ser\u00e1 a Missa Solene, presidida pelo Arcebispo de Salvador e Primaz do Brasil, Dom Murilo Krieger, \u00e0s 8h30. Logo em seguida, os fi\u00e9is sair\u00e3o em prociss\u00e3o pelas principais ruas do bairro do Com\u00e9rcio, conduzindo as imagens de Nossa Senhora da Concei\u00e7\u00e3o da Praia, Deus Menino, Santa B\u00e1rbara, Senhor do Bonfim e S\u00e3o Jos\u00e9, retornando \u00e0 Bas\u00edlica para a b\u00ean\u00e7\u00e3o com o Sant\u00edssimo Sacramento.<\/p>\n<p><strong>Par\u00f3quia Nossa Senhora da Concei\u00e7\u00e3o (Itapu\u00e3)<\/strong><\/p>\n<p>Na Par\u00f3quia Nossa Senhora da Concei\u00e7\u00e3o, localizada no bairro de Itapu\u00e3, o noven\u00e1rio tamb\u00e9m acontece de 29 de novembro a 7 de dezembro, sempre \u00e0s 19h, na Matriz, com exce\u00e7\u00e3o do domingo, dia 2 de dezembro, quando os fi\u00e9is se encontrar\u00e3o \u00e0s 18h. O tema central dos festejos \u00e9 \u201cMaria, M\u00e3e e Educadora da Vida Crist\u00e3\u201d.<\/p>\n<p>\u00c9 importante ressaltar que, durante o noven\u00e1rio, a comunidade \u00e9 convidada a realizar gestos concretos, por meio da doa\u00e7\u00e3o de farinha (1\u00aa noite), arroz (2\u00aa noite), feij\u00e3o (3\u00aa noite), leite (4\u00aa noite), a\u00e7\u00facar (5\u00aa noite), caf\u00e9 (6\u00aa noite), \u00f3leo (7\u00aa noite), macarr\u00e3o e biscoito (8\u00aa noite) e material de higiene pessoal (9\u00aa noite).<\/p>\n<p>No dia festivo (8 de dezembro), as homenagens \u00e0 Padroeira da Bahia ter\u00e3o in\u00edcio \u00e0s 6h com alvorada festiva e recita\u00e7\u00e3o do Of\u00edcio de Nossa Senhora. A primeira Missa ser\u00e1 celebrada \u00e0s 7h e, logo em seguida, haver\u00e1 prociss\u00e3o mar\u00edtima com a imagem de Nossa Senhora da Concei\u00e7\u00e3o, saindo da Col\u00f4nia dos Pescadores de Itapu\u00e3. A segunda Missa do dia ter\u00e1 in\u00edcio \u00e0s 11h, na Matriz. J\u00e1 \u00e0s 16h os fi\u00e9is se concentrar\u00e3o no Cruzeiro de S\u00e3o Tom\u00e9, em Piat\u00e3, de onde sair\u00e3o em prociss\u00e3o at\u00e9 a Igreja Matriz. \u00c0s 18h o bispo auxiliar da Arquidiocese de Salvador, Dom Estevam dos Santos Silva Filho, presidir\u00e1 a Missa Solene.<\/p>\n<p><strong>Par\u00f3quia Nossa Senhora da Concei\u00e7\u00e3o (Val\u00e9ria)<\/strong><\/p>\n<p>Na Par\u00f3quia Nossa Senhora da Concei\u00e7\u00e3o, localizada no bairro de Val\u00e9ria, o tema ser\u00e1 \u201cNo rosto de Maria, o reflexo mais belo da santidade de Deus\u201d. A primeira atividade como parte da festa da padroeira acontecer\u00e1 no dia 27 de novembro, \u00e0s 18h30, quando os fi\u00e9is sair\u00e3o e prociss\u00e3o do Largo dos Aflitos at\u00e9 a Matriz. J\u00e1 na quarta-feira, dia 28, haver\u00e1 Missa \u00e0s 18h e o translado da imagem de Nossa Senhora para o Centro de Evangeliza\u00e7\u00e3o Sagrada Fam\u00edlia (<em>CESF<\/em>).<\/p>\n<p>De 29 de novembro a 7 de dezembro os paroquianos participam do noven\u00e1rio, sempre \u00e0s 19h, na Matriz. A cada noite a comunidade refletir\u00e1 sobre um sub-tema e tamb\u00e9m realizar\u00e1 gestos concretos doando feij\u00e3o (1\u00aa noite), arroz (2\u00aa noite), a\u00e7\u00facar (3\u00aa noite), macarr\u00e3o (4\u00aa noite), farinha (5\u00aa noite), leite (6\u00aa noite), material de limpeza (7\u00aa noite), sabonete e creme dental (8\u00aa noite) e fralda geri\u00e1trica (9\u00aa noite).<\/p>\n<p>No dia dedicado a Nossa Senhora da Concei\u00e7\u00e3o, 8 de dezembro, a programa\u00e7\u00e3o contar\u00e1 com alvorada e Of\u00edcio de Nossa Senhora, \u00e0s 6h, no CESF; carreatas em todas as comunidades, \u00e0s 8h; e solene prociss\u00e3o saindo do Col\u00e9gio Nossa Senhora Aparecida, em Nova Bras\u00edlia, \u00e0s 15h. O ponto alto dos festejos ser\u00e1 a Missa Solene presidida pelo bispo auxiliar Dom H\u00e9lio Pereira dos Santos, \u00e0s 17h.<\/p>\n<p>Por Sara Gomes\/Arquidiocese de Salvador<\/p>\n","protected":false},"excerpt":{"rendered":"<p>No dia 8 de dezembro, a Igreja celebra a Festa de Nossa Senhora da Concei\u00e7\u00e3o, padroeira do Estado da Bahia. Em prepara\u00e7\u00e3o a esta data, os fi\u00e9is participam de programa\u00e7\u00f5es especiais, que contam com Missas, noven\u00e1rios, carreatas, prociss\u00f5es e encontros em todas as par\u00f3quias dedicadas \u00e0 M\u00e3e de Jesus sob o t\u00edtulo de Nossa Senhora&nbsp;<\/p>\n<p><a class=\"btn btn-style\" href=\"http:\/\/portalcatolico.net\/portal\/devotos-se-preparam-para-a-festa-da-padroeira-da-bahia\/\">Continue Reading<\/a><\/p>\n","protected":false},"author":2,"featured_media":62187,"comment_status":"open","ping_status":"open","sticky":false,"template":"","format":"standard","meta":{"footnotes":""},"categories":[4],"tags":[],"class_list":["post-62186","post","type-post","status-publish","format-standard","has-post-thumbnail","hentry","category-destaques"],"_links":{"self":[{"href":"http:\/\/portalcatolico.net\/portal\/wp-json\/wp\/v2\/posts\/62186","targetHints":{"allow":["GET"]}}],"collection":[{"href":"http:\/\/portalcatolico.net\/portal\/wp-json\/wp\/v2\/posts"}],"about":[{"href":"http:\/\/portalcatolico.net\/portal\/wp-json\/wp\/v2\/types\/post"}],"author":[{"embeddable":true,"href":"http:\/\/portalcatolico.net\/portal\/wp-json\/wp\/v2\/users\/2"}],"replies":[{"embeddable":true,"href":"http:\/\/portalcatolico.net\/portal\/wp-json\/wp\/v2\/comments?post=62186"}],"version-history":[{"count":1,"href":"http:\/\/portalcatolico.net\/portal\/wp-json\/wp\/v2\/posts\/62186\/revisions"}],"predecessor-version":[{"id":62188,"href":"http:\/\/portalcatolico.net\/portal\/wp-json\/wp\/v2\/posts\/62186\/revisions\/62188"}],"wp:featuredmedia":[{"embeddable":true,"href":"http:\/\/portalcatolico.net\/portal\/wp-json\/wp\/v2\/media\/62187"}],"wp:attachment":[{"href":"http:\/\/portalcatolico.net\/portal\/wp-json\/wp\/v2\/media?parent=62186"}],"wp:term":[{"taxonomy":"category","embeddable":true,"href":"http:\/\/portalcatolico.net\/portal\/wp-json\/wp\/v2\/categories?post=62186"},{"taxonomy":"post_tag","embeddable":true,"href":"http:\/\/portalcatolico.net\/portal\/wp-json\/wp\/v2\/tags?post=62186"}],"curies":[{"name":"wp","href":"https:\/\/api.w.org\/{rel}","templated":true}]}}