{"id":62182,"date":"2018-11-27T06:28:39","date_gmt":"2018-11-27T09:28:39","guid":{"rendered":"http:\/\/portalcatolico.net\/portal\/?p=62182"},"modified":"2018-11-27T20:08:23","modified_gmt":"2018-11-27T23:08:23","slug":"novenario-de-nossa-senhora-da-conceicao-comeca-neste-final-semana-em-itabuna","status":"publish","type":"post","link":"http:\/\/portalcatolico.net\/portal\/novenario-de-nossa-senhora-da-conceicao-comeca-neste-final-semana-em-itabuna\/","title":{"rendered":"Noven\u00e1rio e Festa de Nossa Senhora da Concei\u00e7\u00e3o come\u00e7a neste final de semana em Itabuna"},"content":{"rendered":"<p style=\"font-weight: 400;\">A Festa em honra a Nossa Senhora da Concei\u00e7\u00e3o, padroeira do bairro&nbsp;Ferradas, em Itabuna (BA), tem in\u00edcio dia 28 de novembro e segue at\u00e9 o dia 07 de&nbsp;dezembro. Os festejos acontecer\u00e3o todos os dias, sempre \u00e0s 19h.<br \/>\nNo dia 08, ser\u00e1 o dia festivo em homenagem \u00e0 santa. O evento tem como tema central: &#8220;Seguindo o exemplo da Virgem da Concei\u00e7\u00e3o, sejamos sal da&nbsp;terra e luz do mundo&#8221;, e como lema: &#8220;Crist\u00e3os leigos e leigas na&nbsp; igreja e na&nbsp;sociedade.&#8221;<br \/>\n&nbsp;&nbsp;&nbsp;&nbsp;&nbsp;&nbsp;&nbsp;&nbsp;&nbsp;&nbsp;&nbsp;&nbsp;&nbsp;&nbsp;&nbsp;&nbsp;&nbsp;&nbsp;&nbsp;&nbsp;&nbsp;&nbsp;&nbsp;&nbsp;&nbsp;&nbsp;&nbsp;&nbsp;&nbsp;&nbsp;&nbsp;&nbsp;&nbsp;&nbsp;&nbsp;&nbsp;&nbsp;&nbsp;&nbsp;&nbsp;&nbsp;&nbsp;&nbsp;&nbsp;&nbsp;&nbsp;&nbsp;&nbsp;&nbsp;&nbsp;&nbsp;&nbsp;&nbsp;&nbsp;&nbsp;&nbsp;&nbsp;&nbsp;&nbsp;&nbsp;&nbsp;&nbsp;&nbsp;&nbsp;&nbsp;&nbsp;<br \/>\n<strong>Confira a programa\u00e7\u00e3o:<\/strong><\/p>\n<p style=\"font-weight: 400;\"><strong>Noite de abertura-28,&nbsp;&nbsp;Quarta-feira, 18h30<\/strong><br \/>\nNoite dedicada aos motoristas, motociclistas e ciclistas.<br \/>\nGrande carreata de abertura em homenagem \u00e0 Nossa Senhora.<br \/>\nB\u00ean\u00e7\u00e3o dos autom\u00f3veis&nbsp; e motos em frente a Igreja matriz.<\/p>\n<p>&nbsp;<strong>1\u00aa noite-29- Quinta-feira, 19h<\/strong><br \/>\nSubtema: Sejamos sal da terra e luz do mundo onde estivemos.<br \/>\nCelebrante: Padre Gilvan Oliveira (Catedral de s\u00e3o Jos\u00e9).<br \/>\nConvidados: Professores, alunos, pais e funcion\u00e1rios da rede p\u00fablica e&nbsp;<br \/>\nprivada.<br \/>\nRespons\u00e1veis pela noite: Equipe de Liturgia paroquial.<br \/>\n18h20-Momentos devocional: Ter\u00e7o de Nossa Senhora- respons\u00e1veis: Grupo&nbsp;<br \/>\ndos Homens do Ter\u00e7o.<br \/>\nB\u00ean\u00e7\u00e3o: Ter\u00e7os e escapul\u00e1rios.<\/p>\n<p><strong>2\u00aa Noite-30-Sexta-feira, 19h<\/strong><br \/>\nSubtema: Crist\u00e3os leigos e leigas sujeitos na sociedade e no mundo.<br \/>\nCelebrante: Padre Tony Val\u00e9rio Rodrigues ( Par\u00f3quia Santa Maria&nbsp;<br \/>\nMadalena).<br \/>\nConvidados: Mulheres e Comunidade S\u00e3o Miguel.<br \/>\nRespons\u00e1veis pela noite: Pastoral Familiar.<br \/>\n18h20h: momento devocional com Adora\u00e7\u00e3o ao Sant\u00edssimo Sacramento-&nbsp;<br \/>\nRespons\u00e1veis: Ministros Extraordin\u00e1rios da Comunh\u00e3o Eucar\u00edstica(MECE).<br \/>\nB\u00ean\u00e7\u00e3o: \u00c1gua<\/p>\n<p><strong>3\u00aa Noite-01.12-S\u00e1bado, 19h<\/strong><br \/>\nSubtema: A vivencia&nbsp; da santidade no cotidiano dos leigos.<br \/>\nCelebrante: Padre Junior (Par\u00f3quia Santa In\u00eas).<br \/>\nConvidados: Fam\u00edlias, Equipe de Nossa Senhora da Diocese de Itabuna,&nbsp;<br \/>\nPastoral Familiar&nbsp; e ECC.<br \/>\nRespons\u00e1veis: Legi\u00e3o de Maria&nbsp; Adulta&nbsp; e Juvenil.<br \/>\n18h20-Momento devocional: Of\u00edcio de Nossa Senhora- respons\u00e1veis:&nbsp;<br \/>\nLegi\u00e3o de Maria Adulta.<br \/>\nB\u00ean\u00e7\u00e3o: Dos casais (imposi\u00e7\u00e3o das m\u00e3os do padre sobre os casais).<\/p>\n<p><strong>4\u00aa Noite-02.12-Domingo, 19h<\/strong><br \/>\nMissa dos vagueiros- 11h, (Na Pra\u00e7a da Igreja Matriz).<br \/>\nMissa do noven\u00e1rio, \u00e0s 19h.<br \/>\nSubtema: Juventude crist\u00e3 deve ser sal e luz do mundo.<br \/>\nCelebrante: N\u00e3o divulgado<br \/>\nConvidados: Jovens da comunidade, EJC e Legi\u00e3o de Maria Juvenil.<br \/>\nRespons\u00e1veis: Movimento da M\u00e3e Rainha.<br \/>\n18:20h-Momento devocional: Ter\u00e7o de Nossa Senhora- Respons\u00e1veis: Legi\u00e3o&nbsp;<br \/>\nde Maria Juvenil.<br \/>\nB\u00ean\u00e7\u00e3o da juventude(Imposi\u00e7\u00e3o das m\u00e3os do padre).<\/p>\n<p><strong>5\u00aa Noite-03.12-Segunda-feira, 19h<\/strong><br \/>\nSubtema: A vida dos santos como modelo para os leigos.<br \/>\nCelebrante: Pe. Manoel Carlos de Jesus(Par\u00f3quia Senhor do Bonfim-bairro&nbsp;<br \/>\nJardim Primavera).<br \/>\nConvidados: Profissionais da Sa\u00fade, Comunidade Santo Ant\u00f4nio (Distrito&nbsp;<br \/>\nde Itamarac\u00e1),Comunidade Nossa Senhora Aparecida(Ro\u00e7a do Povo),Movimento&nbsp;<br \/>\nda M\u00e3e Rainha da Diocese de Itabuna.<br \/>\nRespons\u00e1veis pela noite: Grupo de Ora\u00e7\u00e3o Imaculada Concei\u00e7\u00e3o de Maria.<br \/>\n18:20-Momento devocional: Adora\u00e7\u00e3o ao Sant\u00edssimo Sacramento-&nbsp;<br \/>\nRespons\u00e1veis: Ministros Extraordin\u00e1rio da Comunh\u00e3o Eucar\u00edstica&nbsp;<br \/>\n(MECE).B\u00ean\u00e7\u00e3o: Documentos(exames m\u00e9dicos, carteiras de trabalho, etc).<\/p>\n<p><strong>6\u00aa noite- 04.12-Ter\u00e7a-Feira, 19h<\/strong><br \/>\nSubtema: A Fam\u00edlia na constru\u00e7\u00e3o de uma sociedade mais justa e&nbsp;<br \/>\nsolidaria.<br \/>\nCelebrante: Pe. Aguinaldo<br \/>\nConvidados: Comunidade de s\u00e3o Jose Oper\u00e1rio e Legi\u00e3o de Maria Adulta.<br \/>\nRespons\u00e1veis pela noite: Ter\u00e7o dos Homens&nbsp; e Pastoral do Batismo.<br \/>\n18h20-Momento devocional: Ter\u00e7o da Miseric\u00f3rdia- Respons\u00e1veis: Grupo de&nbsp;<br \/>\nOra\u00e7\u00e3o.<br \/>\nB\u00ean\u00e7\u00e3o: Ter\u00e7o e velas<\/p>\n<p><strong>7\u00aa Noite-05.12-Quarta-feira, 19h<\/strong><br \/>\nSubtema: Os santos da Igreja oferecem exemplo e estimulo&nbsp; para viv\u00eancia&nbsp;<br \/>\ncrist\u00e3 dos leigos.<br \/>\nCelebrante: Pe. Wesley Concei\u00e7\u00e3o (Par\u00f3quia Senhor Deus Menino-Ibicara\u00ed).<br \/>\nConvidados: Comerciantes e comerci\u00e1rios.<br \/>\nRespons\u00e1veis pela noite: Pastoral do Dizimo e Pastoral da Catequese<br \/>\n18h20- Momento devocional: Ter\u00e7o de Nossa Senhora- Respons\u00e1veis:&nbsp;<br \/>\nMovimento da M\u00e3e Rainha.<br \/>\nB\u00ean\u00e7\u00e3o: Chaves (da casa ou do comercio).<\/p>\n<p><strong>8\u00aa Noite-06.12-Quinta-feira, 19h<\/strong><br \/>\nSubtema: Crist\u00e3os, disc\u00edpulos e mission\u00e1rios de Jesus no testemunho do&nbsp;<br \/>\nd\u00edzimo e da viv\u00eancia da f\u00e9.<br \/>\nCelebrante: Frei Pe.Ivanilton (Par\u00f3quia Nossa Senhora da Piedade-bairro&nbsp;<br \/>\nMaria Pinheiro).<br \/>\nConvidados: Os dizimistas e benfeitores da comunidade e comunidade&nbsp;<br \/>\nSenhora Santana (Fazenda Boa Senten\u00e7a.)<br \/>\nRespons\u00e1veis pela noite: Vicentinos e Jovens do EJC.<br \/>\n18h20-Momento devocional: Adora\u00e7\u00e3o ao sant\u00edssimo Sacramento \u2013&nbsp;<br \/>\nRespons\u00e1veis: Ministros Extraordin\u00e1rio da Comunh\u00e3o Eucar\u00edstica (MECE).<br \/>\nB\u00ean\u00e7\u00e3o: Sobre os homenageados.<\/p>\n<p><strong>9\u00aa Noite-07.12- Sexta-feira, 19h<\/strong><br \/>\nSubtema: Homens &#8220;N\u00e3o me envergonho do evangelho, porque \u00e9 o poder de&nbsp;<br \/>\nDeus para a salva\u00e7\u00e3o de todo aquele que cr\u00ea.&#8221;(Rm 1,16).<br \/>\nCelebrante: Frei Pe. Jos\u00e9&nbsp; Genilton (Par\u00f3quia Santa Rita de&nbsp;C\u00e1ssia-bairro S\u00e3o Caetano).<br \/>\nConvidados: Homens e Grupo dos Homens do Ter\u00e7o.<br \/>\nRespons\u00e1veis pela noite: Comunidade&nbsp; Bom Jesus e comunidade S\u00e3o Paulo da&nbsp;<br \/>\nCruz.<br \/>\n18h20-Momentos devocional: Ter\u00e7o de Nossa Senhora \u2013Respons\u00e1veis: grupo&nbsp;<br \/>\ndos Homens do Ter\u00e7o.<br \/>\nB\u00ean\u00e7\u00e3o: Dos Homens<\/p>\n<p><strong>Dia da Festa -08.12-S\u00e1bado<\/strong><br \/>\n08h-Missa de inten\u00e7\u00f5es.<br \/>\n10h-Batizados<br \/>\n12h-Soltar fogos na casa de cada pessoa da Comunidade.<br \/>\n16h-Oficio de Nossa Senhora(cantado)-Comunidade S\u00e3o Paulo da Cruz.<br \/>\n16h40-Prociss\u00e3o saindo de Nova Ferradas com os andores com as Imagens&nbsp;<br \/>\ndos padroeiros de todas as comunidades da par\u00f3quia.<br \/>\n18h30-Santa Missa Festiva com a presid\u00eancia do bispo Diocesano da&nbsp;<br \/>\nDiocese de Itabuna, Dom Carlos Alberto dos Santos.<br \/>\nAp\u00f3s a missa, tem Coroa\u00e7\u00e3o da Imagem de Nossa Senhora da Concei\u00e7\u00e3o.<\/p>\n<p>Foto:Divulga\u00e7\u00e3o&nbsp;<\/p>\n<p>&nbsp;<\/p>\n","protected":false},"excerpt":{"rendered":"<p>A Festa em honra a Nossa Senhora da Concei\u00e7\u00e3o, padroeira do bairro&nbsp;Ferradas, em Itabuna (BA), tem in\u00edcio dia 28 de novembro e segue at\u00e9 o dia 07 de&nbsp;dezembro. Os festejos acontecer\u00e3o todos os dias, sempre \u00e0s 19h. No dia 08, ser\u00e1 o dia festivo em homenagem \u00e0 santa. O evento tem como tema central: &#8220;Seguindo&nbsp;<\/p>\n<p><a class=\"btn btn-style\" href=\"http:\/\/portalcatolico.net\/portal\/novenario-de-nossa-senhora-da-conceicao-comeca-neste-final-semana-em-itabuna\/\">Continue Reading<\/a><\/p>\n","protected":false},"author":2,"featured_media":62183,"comment_status":"open","ping_status":"open","sticky":false,"template":"","format":"standard","meta":{"footnotes":""},"categories":[1],"tags":[],"class_list":["post-62182","post","type-post","status-publish","format-standard","has-post-thumbnail","hentry","category-agenda"],"_links":{"self":[{"href":"http:\/\/portalcatolico.net\/portal\/wp-json\/wp\/v2\/posts\/62182","targetHints":{"allow":["GET"]}}],"collection":[{"href":"http:\/\/portalcatolico.net\/portal\/wp-json\/wp\/v2\/posts"}],"about":[{"href":"http:\/\/portalcatolico.net\/portal\/wp-json\/wp\/v2\/types\/post"}],"author":[{"embeddable":true,"href":"http:\/\/portalcatolico.net\/portal\/wp-json\/wp\/v2\/users\/2"}],"replies":[{"embeddable":true,"href":"http:\/\/portalcatolico.net\/portal\/wp-json\/wp\/v2\/comments?post=62182"}],"version-history":[{"count":3,"href":"http:\/\/portalcatolico.net\/portal\/wp-json\/wp\/v2\/posts\/62182\/revisions"}],"predecessor-version":[{"id":62201,"href":"http:\/\/portalcatolico.net\/portal\/wp-json\/wp\/v2\/posts\/62182\/revisions\/62201"}],"wp:featuredmedia":[{"embeddable":true,"href":"http:\/\/portalcatolico.net\/portal\/wp-json\/wp\/v2\/media\/62183"}],"wp:attachment":[{"href":"http:\/\/portalcatolico.net\/portal\/wp-json\/wp\/v2\/media?parent=62182"}],"wp:term":[{"taxonomy":"category","embeddable":true,"href":"http:\/\/portalcatolico.net\/portal\/wp-json\/wp\/v2\/categories?post=62182"},{"taxonomy":"post_tag","embeddable":true,"href":"http:\/\/portalcatolico.net\/portal\/wp-json\/wp\/v2\/tags?post=62182"}],"curies":[{"name":"wp","href":"https:\/\/api.w.org\/{rel}","templated":true}]}}