{"id":62177,"date":"2018-11-26T13:48:26","date_gmt":"2018-11-26T16:48:26","guid":{"rendered":"http:\/\/portalcatolico.net\/portal\/?p=62177"},"modified":"2018-11-26T13:49:08","modified_gmt":"2018-11-26T16:49:08","slug":"1o-sopra-da-vida-e-realizado-em-itabuna","status":"publish","type":"post","link":"http:\/\/portalcatolico.net\/portal\/1o-sopra-da-vida-e-realizado-em-itabuna\/","title":{"rendered":"1\u00ba Sopra da Vida \u00e9 realizado em Itabuna"},"content":{"rendered":"<h4><sub>O 1\u00ba Sopra da Vida reuniu comunidades de v\u00e1rias par\u00f3quias de&nbsp;Itabuna e da Diocese de Ilh\u00e9us.&nbsp; A Igreja est\u00e1&nbsp; concluindo mais um ano lit\u00fargico e consequentemente iniciando um novo ano de b\u00ean\u00e7\u00e3os e gra\u00e7as da parte do Senhor, pois no dia 25 de novembro foi celebrado o \u00faltimo domingo deste ano lit\u00fargico, com&nbsp;a solenidade de Cristo Rei do Universo, e tamb\u00e9m, o Dia do Leigo, de&nbsp;todo aquele batizado que, como &#8220;sal da terra e luz do mundo&#8221; \u00e9 chamado a&nbsp;dar sabor divino nas atividades terrenas.<\/sub><\/h4>\n<h4><sub>Durante a Santa missa&nbsp; do &#8220;1\u00aa Sopro da Vida&#8221; na Par\u00f3quia Nossa Senhora&nbsp;de F\u00e1tima em Itabuna, Dom Carlos&nbsp; Alberto dos Santos, bispo da&nbsp;Diocese de Itabuna, afirmou que Jesus quer ser o nosso Rei, mas n\u00e3o um&nbsp;Rei deste mundo, e sim um Rei que d\u00e1 um novo sentido \u00e0&nbsp; vida de cada um&nbsp;de n\u00f3s.<\/sub><\/h4>\n<h4><sub>Na homilia, ele disse: &#8220;Deus \u00e9 todo e Ele quer realmente um cora\u00e7\u00e3o todo da gente e n\u00e3o um peda\u00e7o. Queremos, portanto, colocar no centro da nossa vida: Jesus! Como Rei, como \u00e0quele que domina, \u00e0quele que reina, \u00e0quele que impera dentro do nosso cora\u00e7\u00e3o!&#8221;.<\/sub><\/h4>\n<h4>Foto:Jan Erik\/Pascom<\/h4>\n","protected":false},"excerpt":{"rendered":"<p>O 1\u00ba Sopra da Vida reuniu comunidades de v\u00e1rias par\u00f3quias de&nbsp;Itabuna e da Diocese de Ilh\u00e9us.&nbsp; A Igreja est\u00e1&nbsp; concluindo mais um ano lit\u00fargico e consequentemente iniciando um novo ano de b\u00ean\u00e7\u00e3os e gra\u00e7as da parte do Senhor, pois no dia 25 de novembro foi celebrado o \u00faltimo domingo deste ano lit\u00fargico, com&nbsp;a solenidade de&nbsp;<\/p>\n<p><a class=\"btn btn-style\" href=\"http:\/\/portalcatolico.net\/portal\/1o-sopra-da-vida-e-realizado-em-itabuna\/\">Continue Reading<\/a><\/p>\n","protected":false},"author":2,"featured_media":62178,"comment_status":"open","ping_status":"open","sticky":false,"template":"","format":"standard","meta":{"footnotes":""},"categories":[68],"tags":[],"class_list":["post-62177","post","type-post","status-publish","format-standard","has-post-thumbnail","hentry","category-homilias"],"_links":{"self":[{"href":"http:\/\/portalcatolico.net\/portal\/wp-json\/wp\/v2\/posts\/62177","targetHints":{"allow":["GET"]}}],"collection":[{"href":"http:\/\/portalcatolico.net\/portal\/wp-json\/wp\/v2\/posts"}],"about":[{"href":"http:\/\/portalcatolico.net\/portal\/wp-json\/wp\/v2\/types\/post"}],"author":[{"embeddable":true,"href":"http:\/\/portalcatolico.net\/portal\/wp-json\/wp\/v2\/users\/2"}],"replies":[{"embeddable":true,"href":"http:\/\/portalcatolico.net\/portal\/wp-json\/wp\/v2\/comments?post=62177"}],"version-history":[{"count":2,"href":"http:\/\/portalcatolico.net\/portal\/wp-json\/wp\/v2\/posts\/62177\/revisions"}],"predecessor-version":[{"id":62180,"href":"http:\/\/portalcatolico.net\/portal\/wp-json\/wp\/v2\/posts\/62177\/revisions\/62180"}],"wp:featuredmedia":[{"embeddable":true,"href":"http:\/\/portalcatolico.net\/portal\/wp-json\/wp\/v2\/media\/62178"}],"wp:attachment":[{"href":"http:\/\/portalcatolico.net\/portal\/wp-json\/wp\/v2\/media?parent=62177"}],"wp:term":[{"taxonomy":"category","embeddable":true,"href":"http:\/\/portalcatolico.net\/portal\/wp-json\/wp\/v2\/categories?post=62177"},{"taxonomy":"post_tag","embeddable":true,"href":"http:\/\/portalcatolico.net\/portal\/wp-json\/wp\/v2\/tags?post=62177"}],"curies":[{"name":"wp","href":"https:\/\/api.w.org\/{rel}","templated":true}]}}