{"id":62171,"date":"2018-11-26T13:39:06","date_gmt":"2018-11-26T16:39:06","guid":{"rendered":"http:\/\/portalcatolico.net\/portal\/?p=62171"},"modified":"2018-11-26T13:41:20","modified_gmt":"2018-11-26T16:41:20","slug":"jovens-e-adultos-recebem-o-sacramento-da-crisma-em-itabuna","status":"publish","type":"post","link":"http:\/\/portalcatolico.net\/portal\/jovens-e-adultos-recebem-o-sacramento-da-crisma-em-itabuna\/","title":{"rendered":"Jovens e adultos recebem o Sacramento da Crisma em Itabuna"},"content":{"rendered":"<p style=\"font-weight: 400;\"><img loading=\"lazy\" decoding=\"async\" class=\"size-medium wp-image-62173 alignleft\" src=\"http:\/\/portalcatolico.net\/portal\/wp-content\/uploads\/2018\/11\/46781411_2435199939855953_5808891371750162432_n-300x200.jpg\" alt=\"\" width=\"300\" height=\"200\" srcset=\"http:\/\/portalcatolico.net\/portal\/wp-content\/uploads\/2018\/11\/46781411_2435199939855953_5808891371750162432_n-300x200.jpg 300w, http:\/\/portalcatolico.net\/portal\/wp-content\/uploads\/2018\/11\/46781411_2435199939855953_5808891371750162432_n-768x512.jpg 768w, http:\/\/portalcatolico.net\/portal\/wp-content\/uploads\/2018\/11\/46781411_2435199939855953_5808891371750162432_n.jpg 960w\" sizes=\"auto, (max-width: 300px) 100vw, 300px\" \/>Numa missa na Catedral de S\u00e3o Jos\u00e9 em Itabuna (BA), \u00e0s 18h, sob a presid\u00eancia<br \/>\ndo bispo da Diocese de Itabuna, Dom Carlos Alberto dos Santos, que trinta e sete fieis cat\u00f3licos puderam receber o Sacramento da Crisma.<\/p>\n<p style=\"font-weight: 400;\">A missa teve como concelebrante o p\u00e1roco Gilvan Oliveira, com as participa\u00e7\u00f5es dos di\u00e1conos permanentes Jos\u00e9 Ara\u00fajo e Esmeraldo Sardinha.&nbsp;<\/p>\n<p style=\"font-weight: 400;\">Dom Carlos Alberto, no come\u00e7o da missa, suplicou a Deus para que enviasse sobre os crismandos, o dom do Esp\u00edrito Santo. O Bispo lembrou ainda, a import\u00e2ncia do padrinho ou da madrinha de Crisma na vida do crismando.&nbsp;&nbsp;<br \/>\nA Crisma ou Confirma\u00e7\u00e3o&nbsp; \u00e9 o sacramento do compromisso mission\u00e1rio na&nbsp;comunidade, onde o jovem confirma o seu batismo e se compromete com a&nbsp;vida crist\u00e3. A figura do padrinho ou madrinha representa um segundo pai,&nbsp;ou uma segunda m\u00e3e, algu\u00e9m em que se confia e a que se tem como exemplo&nbsp;no fiel seguimento dos ensinamentos de Jesus Cristo.<\/p>\n<p style=\"font-weight: 400;\">&#8220;Quando a crian\u00e7a recebe o batismo, geralmente ela n\u00e3o \u00e9 capaz de discernir e fazer uma op\u00e7\u00e3o no seguimento de Cristo. Depois do batismo, ela vai receber toda uma educa\u00e7\u00e3o, uma forma\u00e7\u00e3o e, depois de crescida, j\u00e1 com a idade de 14 anos em diante, j\u00e1 com o uso da raz\u00e3o, capaz de discernir e de escolher, ela se apresenta a Igreja para pedir o sacramento da confirma\u00e7\u00e3o que \u00e9 o sacramento da Crisma&#8221;, explicou Dom Carlos.<\/p>\n<p style=\"font-weight: 400;\">Esse tempo chegou para Maur\u00edcio Katita, um dos cat\u00f3licos que foi crismado neste domingo.<\/p>\n<p style=\"font-weight: 400;\">Segundo ele, esse sacramento foi suficiente para fazer com que ela fortifique sua f\u00e9 e assuma seu papel de disc\u00edpulo e mission\u00e1rio de Cristo: &#8220;Este \u00e9 um momento muito importante para todos n\u00f3s. Sim, agora eu me sinto um verdadeiro Guerreiro de Jesus!&#8221;, afirmou.<\/p>\n<p>Fotos: Pascom\/Diocese de Itabuna<\/p>\n","protected":false},"excerpt":{"rendered":"<p>Numa missa na Catedral de S\u00e3o Jos\u00e9 em Itabuna (BA), \u00e0s 18h, sob a presid\u00eancia do bispo da Diocese de Itabuna, Dom Carlos Alberto dos Santos, que trinta e sete fieis cat\u00f3licos puderam receber o Sacramento da Crisma. A missa teve como concelebrante o p\u00e1roco Gilvan Oliveira, com as participa\u00e7\u00f5es dos di\u00e1conos permanentes Jos\u00e9 Ara\u00fajo&nbsp;<\/p>\n<p><a class=\"btn btn-style\" href=\"http:\/\/portalcatolico.net\/portal\/jovens-e-adultos-recebem-o-sacramento-da-crisma-em-itabuna\/\">Continue Reading<\/a><\/p>\n","protected":false},"author":2,"featured_media":62172,"comment_status":"open","ping_status":"open","sticky":false,"template":"","format":"standard","meta":{"footnotes":""},"categories":[65],"tags":[],"class_list":["post-62171","post","type-post","status-publish","format-standard","has-post-thumbnail","hentry","category-entrevistas"],"_links":{"self":[{"href":"http:\/\/portalcatolico.net\/portal\/wp-json\/wp\/v2\/posts\/62171","targetHints":{"allow":["GET"]}}],"collection":[{"href":"http:\/\/portalcatolico.net\/portal\/wp-json\/wp\/v2\/posts"}],"about":[{"href":"http:\/\/portalcatolico.net\/portal\/wp-json\/wp\/v2\/types\/post"}],"author":[{"embeddable":true,"href":"http:\/\/portalcatolico.net\/portal\/wp-json\/wp\/v2\/users\/2"}],"replies":[{"embeddable":true,"href":"http:\/\/portalcatolico.net\/portal\/wp-json\/wp\/v2\/comments?post=62171"}],"version-history":[{"count":3,"href":"http:\/\/portalcatolico.net\/portal\/wp-json\/wp\/v2\/posts\/62171\/revisions"}],"predecessor-version":[{"id":62176,"href":"http:\/\/portalcatolico.net\/portal\/wp-json\/wp\/v2\/posts\/62171\/revisions\/62176"}],"wp:featuredmedia":[{"embeddable":true,"href":"http:\/\/portalcatolico.net\/portal\/wp-json\/wp\/v2\/media\/62172"}],"wp:attachment":[{"href":"http:\/\/portalcatolico.net\/portal\/wp-json\/wp\/v2\/media?parent=62171"}],"wp:term":[{"taxonomy":"category","embeddable":true,"href":"http:\/\/portalcatolico.net\/portal\/wp-json\/wp\/v2\/categories?post=62171"},{"taxonomy":"post_tag","embeddable":true,"href":"http:\/\/portalcatolico.net\/portal\/wp-json\/wp\/v2\/tags?post=62171"}],"curies":[{"name":"wp","href":"https:\/\/api.w.org\/{rel}","templated":true}]}}