{"id":62167,"date":"2018-11-26T13:25:47","date_gmt":"2018-11-26T16:25:47","guid":{"rendered":"http:\/\/portalcatolico.net\/portal\/?p=62167"},"modified":"2018-11-26T13:25:47","modified_gmt":"2018-11-26T16:25:47","slug":"congresso-diocesano-e-celebracao-do-dia-nacional-do-laicato-abordam-a-missao-do-leigo-em-ilheus","status":"publish","type":"post","link":"http:\/\/portalcatolico.net\/portal\/congresso-diocesano-e-celebracao-do-dia-nacional-do-laicato-abordam-a-missao-do-leigo-em-ilheus\/","title":{"rendered":"Congresso Diocesano e celebra\u00e7\u00e3o do Dia Nacional do Laicato abordam a miss\u00e3o do leigo  em Ilh\u00e9us"},"content":{"rendered":"<p style=\"font-weight: 400;\"><sub><img loading=\"lazy\" decoding=\"async\" class=\"size-medium wp-image-62169 alignleft\" src=\"http:\/\/portalcatolico.net\/portal\/wp-content\/uploads\/2018\/11\/DSCN9711-300x225.jpg\" alt=\"\" width=\"300\" height=\"225\" srcset=\"http:\/\/portalcatolico.net\/portal\/wp-content\/uploads\/2018\/11\/DSCN9711-300x225.jpg 300w, http:\/\/portalcatolico.net\/portal\/wp-content\/uploads\/2018\/11\/DSCN9711-768x576.jpg 768w, http:\/\/portalcatolico.net\/portal\/wp-content\/uploads\/2018\/11\/DSCN9711.jpg 800w\" sizes=\"auto, (max-width: 300px) 100vw, 300px\" \/>A Diocese de Ilh\u00e9us, situada no litoral sul baiano, celebrou neste domingo, 25 de novembro, o dia Nacional do laicato&nbsp; do leigos e leigas e durante todo o dia, milhares de fieis&nbsp; cat\u00f3licos ,religiosos e religiosas de todas as quarenta par\u00f3quias, participaram do Congresso Diocesano do Laicatos ,com momentos de evangeliza\u00e7\u00e3o com ora\u00e7\u00e3o, reflex\u00f5es, louvor, adora\u00e7\u00e3o, missa, palestras e show com &#8220;As Maria&#8221;, paroquianas da Diocese de Ilh\u00e9us.<\/sub><\/p>\n<p style=\"font-weight: 400;\"><sub>&nbsp;Por volta das 16h, aconteceu a santa missa de encerramento que foi presidida por Dom Mauro Montagnoli, bispo da diocese de Ilh\u00e9us, e concelebrado por padres e di\u00e1conos da diocese. Na oportunidade, ele disse: &#8220;Este Congresso vem coroar todo o nosso trabalho vivenciado e desenvolvido neste ano de 2018, que foi o ano dedicado ao Laicato. E com isso, n\u00f3s procuramos desenvolver aqui na diocese, toda uma programa\u00e7\u00e3o com explica\u00e7\u00e3o, reflex\u00e3o, estudo do documento que norteia todo o laicato&#8221;.<br \/>\nO Congresso Diocesano do Laicato teve in\u00edcio \u00e0s 7h30, com uma carreta&nbsp; que saiu da Capelania S\u00e3o Paulo&nbsp; Ap\u00f3stolo (Avenida Princesa Isabel) e percorreu v\u00e1rias ruas da cidade at\u00e9 o Centro de Conven\u00e7\u00f5es Luiz Eduarda&nbsp; Magalh\u00e3es, na Avenida Soares Lopes no centro da cidade, para a onde foi&nbsp; levada a imagem peregrina da Sagrada Fam\u00edlia em prociss\u00e3o e, em&nbsp; uma manifesta\u00e7\u00e3o p\u00fablica.<\/sub><\/p>\n<p style=\"font-weight: 400;\"><sub>\u00c0s 9h, no local do evento, estava uma&nbsp; multid\u00e3o de fieis das 40 par\u00f3quias dos 26 munic\u00edpios, que aguardavam a imagem da Sagrada Fam\u00edlia,&nbsp;&nbsp;que chegou acompanhada por diversos casais.<\/sub><\/p>\n<p style=\"font-weight: 400;\"><sub>O Ano Nacional do Laicato, institu\u00eddo pela Confer\u00eancia Nacional dos Bispos do Brasil (CNBB), celebrado desde a solenidade de Cristo Rei em 26 de novembro de 2017, encerra-se na mesma solenidade, em 25 de novembro 2018 em todo Brasil.<br \/>\nNa festa de Cristo Rei, a Igreja Cat\u00f3lica Apost\u00f3lica Romana tamb\u00e9m comemora, no Brasil, o dia Nacional dos crist\u00e3os leigos e leigas e o&nbsp; tema&nbsp; central foi: &#8220;Crist\u00e3os leigos e leigas, sujeitos na &#8216;Igreja em sa\u00edda&#8217;, a servi\u00e7o do Reino&#8221; Sal da Terra e Luz do Mundo (Mt5, 13- 14).&nbsp;<\/sub><sub style=\"font-weight: 400;\">Os palestrantes refletiram o documento 105 da CNBB.<br \/>\nA equipe do Portal cat\u00f3lico de Not\u00edcias parabeniza a todos os organizadores do Congresso Diocesano do Laicato da diocese de Ilh\u00e9us, pelo bel\u00edssimo trabalho de evangeliza\u00e7\u00e3o.<\/sub><\/p>\n<p>\u00c1lbuns de fotos.<a href=\"https:\/\/www.facebook.com\/portalcatolicooficial\"><strong>Clique aqui<\/strong><\/a><\/p>\n<p><strong>Assista o v\u00eddeo<\/strong><\/p>\n<p><iframe loading=\"lazy\"  id=\"_ytid_88343\"  width=\"480\" height=\"270\"  data-origwidth=\"480\" data-origheight=\"270\" src=\"https:\/\/www.youtube.com\/embed\/1eK1-Kh-Djg?enablejsapi=1&#038;autoplay=0&#038;cc_load_policy=0&#038;cc_lang_pref=&#038;iv_load_policy=1&#038;loop=0&#038;rel=1&#038;fs=1&#038;playsinline=0&#038;autohide=2&#038;theme=dark&#038;color=red&#038;controls=1&#038;disablekb=0&#038;\" class=\"__youtube_prefs__  epyt-is-override  no-lazyload\" title=\"YouTube player\"  allow=\"fullscreen; accelerometer; autoplay; clipboard-write; encrypted-media; gyroscope; picture-in-picture; web-share\" referrerpolicy=\"strict-origin-when-cross-origin\" allowfullscreen data-no-lazy=\"1\" data-skipgform_ajax_framebjll=\"\"><\/iframe><\/p>\n","protected":false},"excerpt":{"rendered":"<p>A Diocese de Ilh\u00e9us, situada no litoral sul baiano, celebrou neste domingo, 25 de novembro, o dia Nacional do laicato&nbsp; do leigos e leigas e durante todo o dia, milhares de fieis&nbsp; cat\u00f3licos ,religiosos e religiosas de todas as quarenta par\u00f3quias, participaram do Congresso Diocesano do Laicatos ,com momentos de evangeliza\u00e7\u00e3o com ora\u00e7\u00e3o, reflex\u00f5es, louvor,&nbsp;<\/p>\n<p><a class=\"btn btn-style\" href=\"http:\/\/portalcatolico.net\/portal\/congresso-diocesano-e-celebracao-do-dia-nacional-do-laicato-abordam-a-missao-do-leigo-em-ilheus\/\">Continue Reading<\/a><\/p>\n","protected":false},"author":2,"featured_media":62168,"comment_status":"open","ping_status":"open","sticky":false,"template":"","format":"standard","meta":{"footnotes":""},"categories":[65],"tags":[],"class_list":["post-62167","post","type-post","status-publish","format-standard","has-post-thumbnail","hentry","category-entrevistas"],"_links":{"self":[{"href":"http:\/\/portalcatolico.net\/portal\/wp-json\/wp\/v2\/posts\/62167","targetHints":{"allow":["GET"]}}],"collection":[{"href":"http:\/\/portalcatolico.net\/portal\/wp-json\/wp\/v2\/posts"}],"about":[{"href":"http:\/\/portalcatolico.net\/portal\/wp-json\/wp\/v2\/types\/post"}],"author":[{"embeddable":true,"href":"http:\/\/portalcatolico.net\/portal\/wp-json\/wp\/v2\/users\/2"}],"replies":[{"embeddable":true,"href":"http:\/\/portalcatolico.net\/portal\/wp-json\/wp\/v2\/comments?post=62167"}],"version-history":[{"count":1,"href":"http:\/\/portalcatolico.net\/portal\/wp-json\/wp\/v2\/posts\/62167\/revisions"}],"predecessor-version":[{"id":62170,"href":"http:\/\/portalcatolico.net\/portal\/wp-json\/wp\/v2\/posts\/62167\/revisions\/62170"}],"wp:featuredmedia":[{"embeddable":true,"href":"http:\/\/portalcatolico.net\/portal\/wp-json\/wp\/v2\/media\/62168"}],"wp:attachment":[{"href":"http:\/\/portalcatolico.net\/portal\/wp-json\/wp\/v2\/media?parent=62167"}],"wp:term":[{"taxonomy":"category","embeddable":true,"href":"http:\/\/portalcatolico.net\/portal\/wp-json\/wp\/v2\/categories?post=62167"},{"taxonomy":"post_tag","embeddable":true,"href":"http:\/\/portalcatolico.net\/portal\/wp-json\/wp\/v2\/tags?post=62167"}],"curies":[{"name":"wp","href":"https:\/\/api.w.org\/{rel}","templated":true}]}}