{"id":62164,"date":"2018-11-26T13:17:09","date_gmt":"2018-11-26T16:17:09","guid":{"rendered":"http:\/\/portalcatolico.net\/portal\/?p=62164"},"modified":"2018-11-26T13:19:52","modified_gmt":"2018-11-26T16:19:52","slug":"homens-do-terco-celebram-4-anos-do-movimento-com-triduo-festivo-em-itabuna","status":"publish","type":"post","link":"http:\/\/portalcatolico.net\/portal\/homens-do-terco-celebram-4-anos-do-movimento-com-triduo-festivo-em-itabuna\/","title":{"rendered":"Homens do ter\u00e7o celebram 4 anos do movimento com Tr\u00edduo festivo em Itabuna"},"content":{"rendered":"<p><sub>O movimento do Ter\u00e7o dos homens da Par\u00f3quia de Nossa Senhora das Vit\u00f3rias, no bairro Nossa Senhora das Vit\u00f3ria, em Itabuna (BA), comemorou&nbsp; quatro anos de exist\u00eancia e miss\u00e3o, neste domingo (25). E por esse motivo, o grupo&nbsp; realizou um Tr\u00edduo&nbsp; nos dias 22,23 e 24&nbsp; de novembro, com o tema central : &#8220;Maria caminho f\u00e1cil para se chegar a Jesus Cristo&#8221;.<\/sub><\/p>\n<p><sub>O evento foi composto de&nbsp; prega\u00e7\u00e3o, momentos de adora\u00e7\u00e3o ao Jesus Eucar\u00edstico, louvor e santa missa.<\/sub><\/p>\n<p><sub>No s\u00e1bado (24),no 3\u00aa dia ,o Tr\u00edduo comemorativo aconteceu na Comunidade de Nossa Senhora D&#8217;ajuda, situada no bairro de Zizo, \u00e0s 19h, com adora\u00e7\u00e3o ao Jesus Eucar\u00edstico, louvor e prega\u00e7\u00e3o&nbsp;<br \/>\ncom Artur Giovanni&nbsp; do Grupo de Ora\u00e7\u00e3o (RCC) da par\u00f3quia Santa Rita de C\u00e1ssia. Ele&nbsp;<br \/>\nrefletiu o tema: &#8220;Maria M\u00e3e de Deus e da Igreja, Intercessora dos fieis&#8221;. O momento contou com a&nbsp;<br \/>\nparticipa\u00e7\u00e3o dos Homens do ter\u00e7o&nbsp; das par\u00f3quias da Faronia Centro em Itabuna. Na oportunidade, Artur Geovanni&nbsp; deu um testemunho emocionante aos Homens&nbsp;&nbsp;do ter\u00e7o e deu um conselho: &#8220;N\u00e3o deixe acontecer uma trag\u00e9dia na fam\u00edlia para se reconciliar com algu\u00e9m, principalmente com seus filhos. Eles erram tanto mas eles querem o bem de voc\u00eas. E como Maria, essa obedi\u00eancia que ela teve com o Pai, eu pe\u00e7o a todos voc\u00eas, que tenham essa obedi\u00eancia tamb\u00e9m com o Pai, porque o que ele quer ver de n\u00f3s \u00e9 o amor&#8221;.&nbsp;<br \/>\nNeste domingo (25), \u00e0s 19h, na Igreja matriz de Nossa Senhora das Vit\u00f3rias, o Pe. Gilmar Oliveira presidiu a santa Missa festiva de encerramento.<\/sub><\/p>\n<p><sub>Na oportunidade, um dos organizadores do Ter\u00e7o dos homens falou sobre o movimento:&nbsp;<br \/>\n&#8220;O Ter\u00e7o dos Homens \u00e9&nbsp; um grande movimento da Igreja formado por homens, mas por homens de f\u00e9, que se unem toda semana para juntos rezar&nbsp; o ter\u00e7o, e com isso, muitas vidas e fam\u00edlias est\u00e3o sendo restauradas, na ora\u00e7\u00e3o e sendo&nbsp;exemplos para tantos outros homens que ainda n\u00e3o&nbsp;<br \/>\nparticipam deste movimento e que n\u00e3o conhecem o poder da ora\u00e7\u00e3o&#8221;, finalizou.<\/sub><\/p>\n<p>Confira as fotos na p\u00e1gina do Facebook. <a href=\"https:\/\/www.facebook.com\/portalcatolicooficial\"><strong>Clique aqui<\/strong><\/a><\/p>\n","protected":false},"excerpt":{"rendered":"<p>O movimento do Ter\u00e7o dos homens da Par\u00f3quia de Nossa Senhora das Vit\u00f3rias, no bairro Nossa Senhora das Vit\u00f3ria, em Itabuna (BA), comemorou&nbsp; quatro anos de exist\u00eancia e miss\u00e3o, neste domingo (25). E por esse motivo, o grupo&nbsp; realizou um Tr\u00edduo&nbsp; nos dias 22,23 e 24&nbsp; de novembro, com o tema central : &#8220;Maria caminho&nbsp;<\/p>\n<p><a class=\"btn btn-style\" href=\"http:\/\/portalcatolico.net\/portal\/homens-do-terco-celebram-4-anos-do-movimento-com-triduo-festivo-em-itabuna\/\">Continue Reading<\/a><\/p>\n","protected":false},"author":2,"featured_media":62165,"comment_status":"open","ping_status":"open","sticky":false,"template":"","format":"standard","meta":{"footnotes":""},"categories":[70],"tags":[],"class_list":["post-62164","post","type-post","status-publish","format-standard","has-post-thumbnail","hentry","category-testemunhos"],"_links":{"self":[{"href":"http:\/\/portalcatolico.net\/portal\/wp-json\/wp\/v2\/posts\/62164","targetHints":{"allow":["GET"]}}],"collection":[{"href":"http:\/\/portalcatolico.net\/portal\/wp-json\/wp\/v2\/posts"}],"about":[{"href":"http:\/\/portalcatolico.net\/portal\/wp-json\/wp\/v2\/types\/post"}],"author":[{"embeddable":true,"href":"http:\/\/portalcatolico.net\/portal\/wp-json\/wp\/v2\/users\/2"}],"replies":[{"embeddable":true,"href":"http:\/\/portalcatolico.net\/portal\/wp-json\/wp\/v2\/comments?post=62164"}],"version-history":[{"count":1,"href":"http:\/\/portalcatolico.net\/portal\/wp-json\/wp\/v2\/posts\/62164\/revisions"}],"predecessor-version":[{"id":62166,"href":"http:\/\/portalcatolico.net\/portal\/wp-json\/wp\/v2\/posts\/62164\/revisions\/62166"}],"wp:featuredmedia":[{"embeddable":true,"href":"http:\/\/portalcatolico.net\/portal\/wp-json\/wp\/v2\/media\/62165"}],"wp:attachment":[{"href":"http:\/\/portalcatolico.net\/portal\/wp-json\/wp\/v2\/media?parent=62164"}],"wp:term":[{"taxonomy":"category","embeddable":true,"href":"http:\/\/portalcatolico.net\/portal\/wp-json\/wp\/v2\/categories?post=62164"},{"taxonomy":"post_tag","embeddable":true,"href":"http:\/\/portalcatolico.net\/portal\/wp-json\/wp\/v2\/tags?post=62164"}],"curies":[{"name":"wp","href":"https:\/\/api.w.org\/{rel}","templated":true}]}}