{"id":62159,"date":"2018-11-26T13:11:39","date_gmt":"2018-11-26T16:11:39","guid":{"rendered":"http:\/\/portalcatolico.net\/portal\/?p=62159"},"modified":"2018-11-26T13:12:24","modified_gmt":"2018-11-26T16:12:24","slug":"curso-de-formacao-para-a-campanha-da-fraternidade-2019-e-realizado-em-salvador","status":"publish","type":"post","link":"http:\/\/portalcatolico.net\/portal\/curso-de-formacao-para-a-campanha-da-fraternidade-2019-e-realizado-em-salvador\/","title":{"rendered":"Curso de Forma\u00e7\u00e3o para a Campanha da Fraternidade 2019 \u00e9 realizado em Salvador"},"content":{"rendered":"<p style=\"font-weight: 400;\"><sub><img loading=\"lazy\" decoding=\"async\" class=\"size-medium wp-image-62162 alignleft\" src=\"http:\/\/portalcatolico.net\/portal\/wp-content\/uploads\/2018\/11\/46739328_746165735720856_3915931857987829760_n-300x300.jpg\" alt=\"\" width=\"300\" height=\"300\" srcset=\"http:\/\/portalcatolico.net\/portal\/wp-content\/uploads\/2018\/11\/46739328_746165735720856_3915931857987829760_n-300x300.jpg 300w, http:\/\/portalcatolico.net\/portal\/wp-content\/uploads\/2018\/11\/46739328_746165735720856_3915931857987829760_n-150x150.jpg 150w, http:\/\/portalcatolico.net\/portal\/wp-content\/uploads\/2018\/11\/46739328_746165735720856_3915931857987829760_n.jpg 640w\" sizes=\"auto, (max-width: 300px) 100vw, 300px\" \/>Entre os dias 23 a 25 de Novembro, neste fim de semana, aconteceu em Salvador, na Casa de Encontros e Cursos Organiza\u00e7\u00e3o Fraternal S\u00e3o Jos\u00e9, localizada na cidade baixa, ao lado da Igreja de Irm\u00e3 Dulce, o Curso de&nbsp;<br \/>\nForma\u00e7\u00e3o para a Campanha da Fraternidade 2019 que ter\u00e1 como tema: &#8220;Fraternidade e Pol\u00edticas P\u00fablicas&#8221; e como Lema: &#8220;Ser\u00e1s Libertado pelo Direito e pela Justi\u00e7a&#8221; (Isaias 1, 27).<br \/>\nO Encontro foi promovido pela CNBB Regional Nordeste III e contou com a presen\u00e7a de representantes de quase todas as Dioceses da Bahia e Sergipe e teve como formador o Assessor Nacional da CNBB para Campanhas, Antonio&nbsp;<br \/>\nEvangelista, o Toninho.<br \/>\nA campanha tem como objetivo estimular a participa\u00e7\u00e3o em Pol\u00edticas P\u00fablicas, \u00e0 Luz da Palavra de Deus e da Doutrina Social da Igreja para fortalecer a cidadania e o bem comum, sinais de fraternidade.<\/sub><\/p>\n<p>O Regional Nordeste III da CNBB criou j\u00e1 desde o ano passado uma comiss\u00e3o para articular e fomentar a Campanha da Fraternidade e pretende agora fazer desta equipe como destinada a ser uma equipe permanente de&nbsp;<br \/>\nmobiliza\u00e7\u00e3o, sob a articula\u00e7\u00e3o de Dom Estevam dos Santos Filho, Bispo Auxiliar de Salvador.<\/p>\n<p>A Diocese de Itabuna esteve representada por Davi Pedreira da Pastoral Carcer\u00e1ria, que ficou respons\u00e1vel pela mobiliza\u00e7\u00e3o da Campanha da Fraternidade 2019 nas Dioceses de Itabuna, Ilh\u00e9us, Eun\u00e1polis e Teixeira de Freitas que comp\u00f5em o Sub Regional 6 da CNBB Nordeste III.<\/p>\n<p style=\"font-weight: 400;\"><sub>Texto e fotos enviado por Davi Pedreira\/Diocese de Itabuna<\/sub><\/p>\n<p style=\"font-weight: 400;\">&nbsp;<\/p>\n<p style=\"font-weight: 400;\">&nbsp;<\/p>\n","protected":false},"excerpt":{"rendered":"<p>Entre os dias 23 a 25 de Novembro, neste fim de semana, aconteceu em Salvador, na Casa de Encontros e Cursos Organiza\u00e7\u00e3o Fraternal S\u00e3o Jos\u00e9, localizada na cidade baixa, ao lado da Igreja de Irm\u00e3 Dulce, o Curso de&nbsp; Forma\u00e7\u00e3o para a Campanha da Fraternidade 2019 que ter\u00e1 como tema: &#8220;Fraternidade e Pol\u00edticas P\u00fablicas&#8221; e&nbsp;<\/p>\n<p><a class=\"btn btn-style\" href=\"http:\/\/portalcatolico.net\/portal\/curso-de-formacao-para-a-campanha-da-fraternidade-2019-e-realizado-em-salvador\/\">Continue Reading<\/a><\/p>\n","protected":false},"author":2,"featured_media":62160,"comment_status":"open","ping_status":"open","sticky":false,"template":"","format":"standard","meta":{"footnotes":""},"categories":[4],"tags":[],"class_list":["post-62159","post","type-post","status-publish","format-standard","has-post-thumbnail","hentry","category-destaques"],"_links":{"self":[{"href":"http:\/\/portalcatolico.net\/portal\/wp-json\/wp\/v2\/posts\/62159","targetHints":{"allow":["GET"]}}],"collection":[{"href":"http:\/\/portalcatolico.net\/portal\/wp-json\/wp\/v2\/posts"}],"about":[{"href":"http:\/\/portalcatolico.net\/portal\/wp-json\/wp\/v2\/types\/post"}],"author":[{"embeddable":true,"href":"http:\/\/portalcatolico.net\/portal\/wp-json\/wp\/v2\/users\/2"}],"replies":[{"embeddable":true,"href":"http:\/\/portalcatolico.net\/portal\/wp-json\/wp\/v2\/comments?post=62159"}],"version-history":[{"count":2,"href":"http:\/\/portalcatolico.net\/portal\/wp-json\/wp\/v2\/posts\/62159\/revisions"}],"predecessor-version":[{"id":62163,"href":"http:\/\/portalcatolico.net\/portal\/wp-json\/wp\/v2\/posts\/62159\/revisions\/62163"}],"wp:featuredmedia":[{"embeddable":true,"href":"http:\/\/portalcatolico.net\/portal\/wp-json\/wp\/v2\/media\/62160"}],"wp:attachment":[{"href":"http:\/\/portalcatolico.net\/portal\/wp-json\/wp\/v2\/media?parent=62159"}],"wp:term":[{"taxonomy":"category","embeddable":true,"href":"http:\/\/portalcatolico.net\/portal\/wp-json\/wp\/v2\/categories?post=62159"},{"taxonomy":"post_tag","embeddable":true,"href":"http:\/\/portalcatolico.net\/portal\/wp-json\/wp\/v2\/tags?post=62159"}],"curies":[{"name":"wp","href":"https:\/\/api.w.org\/{rel}","templated":true}]}}