{"id":62156,"date":"2018-11-26T06:10:14","date_gmt":"2018-11-26T09:10:14","guid":{"rendered":"http:\/\/portalcatolico.net\/portal\/?p=62156"},"modified":"2018-11-26T06:10:14","modified_gmt":"2018-11-26T09:10:14","slug":"fieis-de-itabuna-se-preparam-para-o-novenario-e-festa-em-honra-a-nossa-senhora-da-conceicao","status":"publish","type":"post","link":"http:\/\/portalcatolico.net\/portal\/fieis-de-itabuna-se-preparam-para-o-novenario-e-festa-em-honra-a-nossa-senhora-da-conceicao\/","title":{"rendered":"Fieis de Itabuna se preparam para o Noven\u00e1rio e Festa em honra \u00e0 Nossa Senhora da Concei\u00e7\u00e3o"},"content":{"rendered":"<p style=\"font-weight: 400;\">O Noven\u00e1rio&nbsp; e Festa em honra a Nossa Senhora da Concei\u00e7\u00e3o \u00e9 comemorado&nbsp;em 08 de dezembro, vai at\u00e9 o dia 07 de dezembro com ora\u00e7\u00e3o do ter\u00e7o,&nbsp;quermesse, missa com as crian\u00e7as e claro, a tradicional prociss\u00e3o.<\/p>\n<p style=\"font-weight: 400;\">As comemora\u00e7\u00f5es v\u00e3o acontecer&nbsp;na Igreja Matriz localizada na Pra\u00e7a dos Capuchinhos no bairro&nbsp;Concei\u00e7\u00e3o, em Itabuna (BA), sempre \u00e0s 18h, com a ora\u00e7\u00e3o do ter\u00e7o todos&nbsp;os dias.<\/p>\n<p style=\"font-weight: 400;\">As celebra\u00e7\u00f5es ser\u00e3o&nbsp; iniciadas na quinta-feira (28). A abertura da festa ser\u00e1 com o Arrast\u00e3o&nbsp;&nbsp; do Noven\u00e1rio pela principais ruas do bairro.<\/p>\n<p style=\"font-weight: 400;\">O tema do Noven\u00e1rio deste ano \u00e9 &#8220;Bem-Aventurada Virgem Maria, mostra-nos&nbsp;o caminho da santidade&#8221;.<br \/>\nNo dia dedicado \u00e0 Nossa Senhora da&nbsp; Concei\u00e7\u00e3o, padroeira do bairro&nbsp;Concei\u00e7\u00e3o,&nbsp;ser\u00e3o celebradas missas \u00e0s 7h, e o&nbsp; ponto&nbsp;alto da festa&nbsp; \u00e9 a missa solene, \u00e0s 18h que ser\u00e1 seguida da prociss\u00e3o, com&nbsp;concentra\u00e7\u00e3o, \u00e0s 19h. Os fi\u00e9is sair\u00e3o em prociss\u00e3o pelas principais ruas&nbsp;bairro, conduzindo a imagem de Nossa Senhora da Concei\u00e7\u00e3o. Logo em seguida,&nbsp;&nbsp;acontece a b\u00ean\u00e7\u00e3o do Sant\u00edssimo Sacramento.<\/p>\n<p style=\"font-weight: 400;\">Confira a programa\u00e7\u00e3o completa:&nbsp;<\/p>\n<p><strong>28\/11-Quarta-feira<\/strong><br \/>\nArrast\u00e3o de abertura do Noven\u00e1rio<br \/>\nSa\u00edda: Em frente \u00e0 Igreja matriz<\/p>\n<p><strong>29\/11-Quinta-feira<\/strong><br \/>\n18h-Ora\u00e7\u00e3o do Ter\u00e7o e Coroa\u00e7\u00e3o de Nossa Senhora<br \/>\nSub-tema: &#8220;Felizes os pobres em esp\u00edrito, porque deles \u00e9 o reino dos&nbsp;<br \/>\nC\u00e9us&#8221;(MT 5,3)<br \/>\nRespons\u00e1veis: MECE<br \/>\nConvidados: Pra\u00e7a dos Eucaliptos, Rua Bela Vista e Avenida Herc\u00edlia&nbsp;<br \/>\nTeixeira.<br \/>\nOferta: Feij\u00e3o<\/p>\n<p><strong>30\/11-Sexta-feira<\/strong><br \/>\n18h-Ora\u00e7\u00e3o do Ter\u00e7o<br \/>\nSub-tema: &#8220;Felizes os mansos, porque possuir\u00e3o a terra&#8221; (MT 5,4)<br \/>\nRespons\u00e1veis: Pascom e Ter\u00e7o dos Homens<br \/>\nConvidados: Rua Duque de Caxias, Rua Jos\u00e9 Bonif\u00e1cio e Rua Catucicaba<br \/>\nOferta: Arroz<\/p>\n<p><strong>01\/12-S\u00e1bado<\/strong><br \/>\n18h-Ora\u00e7\u00e3o do Ter\u00e7o<br \/>\nSub-tema:&nbsp;&nbsp;Felizes os que choram, porque ser\u00e3o consolado&#8221;(MT5,5)<br \/>\nRespons\u00e1veis: Pastoral Familiar<br \/>\nConvidados: Movimento M\u00e3e Rainha Diocesano,&nbsp; Rua Aurora, Rua Epinal e&nbsp;<br \/>\nRua S\u00e3o Francisco<br \/>\nOferta: A\u00e7\u00facar<\/p>\n<p><strong>02\/12-Domingo<\/strong><br \/>\n9h,Missa com as Crian\u00e7as<br \/>\nRespons\u00e1veis: Grupo de Jovens e Catequese<br \/>\nConvidados: Escola Lua Nova e&nbsp; Escola Pio XII<br \/>\nOferta: Brinquedos<br \/>\n17h-Ora\u00e7\u00e3o do Ter\u00e7o<br \/>\nSub-tema: &#8220;Felizes os que tem fome e sede de&nbsp; justi\u00e7a, porque ser\u00e3o&nbsp;<br \/>\nsaciados&#8221;(MT 5,6)<br \/>\nRespons\u00e1veis: Pastoral&nbsp; Lit\u00fargica<br \/>\nConvidados: Equipe de nossa Senhora, Av. Feliz&nbsp; Mendon\u00e7a, Travessa&nbsp;<br \/>\nCatucicaba e rua Jo\u00e3o Sales<br \/>\nOferta: Dinheiro em Esp\u00e9cie<\/p>\n<p><strong>03\/12-Segunda-feira<\/strong><br \/>\n18h,Ora\u00e7\u00e3o do Ter\u00e7o<br \/>\nSub-tema:&#8221; Felizes os misericordiosos, porque alcan\u00e7ar\u00e3o&nbsp;<br \/>\nmiseric\u00f3rdia&#8221;(MT5.7)<br \/>\nRespons\u00e1veis: Pastoral do Batismo<br \/>\nConvidados: Rua Silveira Moura, Pra\u00e7a dos Capuchinhos e Rua do Prado.<br \/>\nOferta: \u00c1gua Sanit\u00e1ria e Sab\u00e3o em P\u00f3<\/p>\n<p><strong>04\/12-Ter\u00e7a-feira<\/strong><br \/>\n18h-Ora\u00e7\u00e3o do Ter\u00e7o<br \/>\nSub-tema:&#8221; Felizes os puros de cora\u00e7\u00e3o, porque ver\u00e3o a Deus&#8221;(Mt 5,8)<br \/>\nRespons\u00e1veis: Pastoral do Dizimo<br \/>\nConvidados: Devotos de Santo Ant\u00f4nio, Rua Santa Catarina, Rua santa&nbsp;<br \/>\nTerezinha e rua da Liberdade,<br \/>\nOferta: \u00d3leo<\/p>\n<p><strong>05\/12-Quarta-feira<\/strong><br \/>\n18h-Ora\u00e7\u00e3o do Ter\u00e7o<br \/>\nSub-tema: &#8220;Felizes os pacificadores, porque ser\u00e3o chamados filhos de&nbsp;<br \/>\nDeus&#8221;(MT 5,9)<br \/>\nRespons\u00e1veis: Congrega\u00e7\u00e3o&nbsp; Mariana, Legi\u00e3o de Maria, Apostolado da&nbsp;<br \/>\nOra\u00e7\u00e3o e&nbsp; M\u00e3e Rainha<br \/>\n&nbsp; Convidados: Rua e travessa de Farias<br \/>\nOferta: Caf\u00e9<\/p>\n<p><strong>06\/12-quinta-feira<\/strong><br \/>\n18h-Ora\u00e7\u00e3o do Ter\u00e7o<br \/>\nSub-tema:&#8221; Felizes os que sofrem persegui\u00e7\u00e3o por causa da Justi\u00e7a,&nbsp;<br \/>\nporque deles \u00e9 o reino dos C\u00e9us&#8221;(MT 5,10)<br \/>\nRespons\u00e1veis: Grupo Caminhando com Cristo e Crescendo com Cristo<br \/>\nConvidados: Bairros S\u00e3o Pedro, Vila Zara e S\u00e3o Judas Tadeu.<br \/>\nOferta: Farinha<\/p>\n<p><strong>07\/12-Sexta-feira<\/strong><br \/>\n18h-Ora\u00e7\u00e3o do Ter\u00e7o<br \/>\nSub-tema:&#8221; A vontade&nbsp; de Deus \u00e9 que sejais santos&#8221;(1Ts 4,3)<br \/>\nRespons\u00e1veis: Comunidade dos bairros S\u00e3o Pedro, Vila Zara e S\u00e3o Judas&nbsp;<br \/>\nTadeu.<br \/>\nConvidados: Mulheres com o Nome Maria<br \/>\nOferta: Macarr\u00e3o<\/p>\n<p>S<strong>olenidade<\/strong><br \/>\n08\/12-S\u00e1bado<br \/>\n05h-Alvorada<br \/>\n07h-Missa dos Devotos<br \/>\n11h-Oficio de Nossa Senhora<br \/>\n18h-Missa solene<br \/>\n19h-Solene prociss\u00e3o e b\u00ean\u00e7\u00e3o do Sant\u00edssimo Sacramento<\/p>\n","protected":false},"excerpt":{"rendered":"<p>O Noven\u00e1rio&nbsp; e Festa em honra a Nossa Senhora da Concei\u00e7\u00e3o \u00e9 comemorado&nbsp;em 08 de dezembro, vai at\u00e9 o dia 07 de dezembro com ora\u00e7\u00e3o do ter\u00e7o,&nbsp;quermesse, missa com as crian\u00e7as e claro, a tradicional prociss\u00e3o. As comemora\u00e7\u00f5es v\u00e3o acontecer&nbsp;na Igreja Matriz localizada na Pra\u00e7a dos Capuchinhos no bairro&nbsp;Concei\u00e7\u00e3o, em Itabuna (BA), sempre \u00e0s 18h,&nbsp;<\/p>\n<p><a class=\"btn btn-style\" href=\"http:\/\/portalcatolico.net\/portal\/fieis-de-itabuna-se-preparam-para-o-novenario-e-festa-em-honra-a-nossa-senhora-da-conceicao\/\">Continue Reading<\/a><\/p>\n","protected":false},"author":2,"featured_media":62157,"comment_status":"open","ping_status":"open","sticky":false,"template":"","format":"standard","meta":{"footnotes":""},"categories":[1],"tags":[],"class_list":["post-62156","post","type-post","status-publish","format-standard","has-post-thumbnail","hentry","category-agenda"],"_links":{"self":[{"href":"http:\/\/portalcatolico.net\/portal\/wp-json\/wp\/v2\/posts\/62156","targetHints":{"allow":["GET"]}}],"collection":[{"href":"http:\/\/portalcatolico.net\/portal\/wp-json\/wp\/v2\/posts"}],"about":[{"href":"http:\/\/portalcatolico.net\/portal\/wp-json\/wp\/v2\/types\/post"}],"author":[{"embeddable":true,"href":"http:\/\/portalcatolico.net\/portal\/wp-json\/wp\/v2\/users\/2"}],"replies":[{"embeddable":true,"href":"http:\/\/portalcatolico.net\/portal\/wp-json\/wp\/v2\/comments?post=62156"}],"version-history":[{"count":1,"href":"http:\/\/portalcatolico.net\/portal\/wp-json\/wp\/v2\/posts\/62156\/revisions"}],"predecessor-version":[{"id":62158,"href":"http:\/\/portalcatolico.net\/portal\/wp-json\/wp\/v2\/posts\/62156\/revisions\/62158"}],"wp:featuredmedia":[{"embeddable":true,"href":"http:\/\/portalcatolico.net\/portal\/wp-json\/wp\/v2\/media\/62157"}],"wp:attachment":[{"href":"http:\/\/portalcatolico.net\/portal\/wp-json\/wp\/v2\/media?parent=62156"}],"wp:term":[{"taxonomy":"category","embeddable":true,"href":"http:\/\/portalcatolico.net\/portal\/wp-json\/wp\/v2\/categories?post=62156"},{"taxonomy":"post_tag","embeddable":true,"href":"http:\/\/portalcatolico.net\/portal\/wp-json\/wp\/v2\/tags?post=62156"}],"curies":[{"name":"wp","href":"https:\/\/api.w.org\/{rel}","templated":true}]}}