{"id":62152,"date":"2018-11-24T09:49:08","date_gmt":"2018-11-24T12:49:08","guid":{"rendered":"http:\/\/portalcatolico.net\/portal\/?p=62152"},"modified":"2018-11-24T09:49:08","modified_gmt":"2018-11-24T12:49:08","slug":"do-sinodo-a-jmj-jesus-ouve-e-se-relaciona","status":"publish","type":"post","link":"http:\/\/portalcatolico.net\/portal\/do-sinodo-a-jmj-jesus-ouve-e-se-relaciona\/","title":{"rendered":"Do S\u00ednodo \u00e0 JMJ: Jesus ouve e se relaciona"},"content":{"rendered":"<div class=\"article__subTitle\">Caros amigos! O documento \u00e9 intenso e cheio de informa\u00e7\u00f5es. Muitas perguntas poderemos fazer e, esperamos, que na leitura pessoal e em comunidade consigamos boas conclus\u00f5es e a\u00e7\u00f5es que, movidas pelo Esp\u00edrito Santo, ajude a levar o evangelho de Cristo para o trabalho pastoral com os jovens.<\/div>\n<div>\n<p>Caros amigos e amigas, ouvintes da R\u00e1dio Vaticano em l\u00edngua portuguesa. Continuamos hoje, com o quarto programa, a s\u00e9rie que quer auxiliar a leitura e a medita\u00e7\u00e3o do documento final do S\u00ednodo dos Jovens. Espero, sinceramente, que os encontros estejam ajudando a voc\u00ea, a sua comunidade, a sua Diocese, o seu grupo de jovens. N\u00e3o se esque\u00e7a, escreva-nos e mande dicas e sugest\u00f5es.<\/p>\n<p>No encontro anterior, resum\u00edamos os dois primeiros cap\u00edtulos da primeira parte; V\u00edamos que, como aconteceu com os disc\u00edpulos de Ema\u00fas, Jesus, tamb\u00e9m hoje, caminha com o seus disc\u00edpulos e ouve o seu povo e, nele, tamb\u00e9m os jovens. Hoje falaremos dos cap\u00edtulos tr\u00eas e quatro da primeira parte do documento.<\/p>\n<p>No cap\u00edtulo terceiro os padres identificaram que a fam\u00edlia, mesmo em meio as crises , \u00e9 para os jovens uma institui\u00e7\u00e3o de grande valor e constitui um ponto referencia para a vida e forma\u00e7\u00e3o pessoal, quando ao mesmo tempo, o desejo de formar uma fam\u00edlia est\u00e1 presente no horizonte da juventude. A identidade que a fam\u00edlia d\u00e1 a cada membro: ser pai, m\u00e3e, filho, av\u00f4, evidencia os padres, \u00e9 decisiva para o crescimento pessoal e a transmiss\u00e3o da f\u00e9. No documento, os jovens, sublinharam tamb\u00e9m a import\u00e2ncia da amizade no aux\u00edlio da vida de f\u00e9 que, atrav\u00e9s de grupos coesos, constitui um grande recurso de ajuda reciproca para a vida social e a vida na f\u00e9.<\/p>\n<p>Um ponto importante do cap\u00edtulo tr\u00eas \u00e9 sobre a quest\u00e3o da corporeidade e afetividade. Em um contexto social de mudan\u00e7as os padres perceberam que os jovens, que valorizam o corpo e os afetos em maneira positiva, encontram, ao mesmo tempo, dificuldade para viver em plenitude os dons pr\u00f3prios do corpo por que: de um lado existe grande banaliza\u00e7\u00e3o nas rela\u00e7\u00f5es interpessoais, certo estimulo exibicionista, pornografia, a falta de educa\u00e7\u00e3o dos afetos, o contexto social ideologizado, etc., e, igualmente, dizem os padres, a dificuldade de absorver os conte\u00fados da doutrina moral da Igreja que, mesmo sendo ensinamento evangelico, n\u00e3o \u00e9 traduzido em uma linguagem acess\u00edvel aos jovens.<\/p>\n<p>O quarto cap\u00edtulo com o t\u00edtulo: \u00abser jovens hoje\u00bb, \u00e9 interessante. O documento reconhece que a juventude tem uma energia especial, tem uma sede de coisas boas e belas, desejo de novidade, de di\u00e1logo, de servi\u00e7o, de vida em comunh\u00e3o, um desejo forte de viver o Evangelho em maneira radical. Todos as caracter\u00edsticas acenadas encontram a propria express\u00e3o na m\u00fasica, na arte, no sport, no engajamento pol\u00edtico, na miss\u00e3o e a Igreja, diz os Padres, \u00e9 chamada abrir espa\u00e7os para que tais express\u00f5es sejam cultivadas e amadurecidas.<\/p>\n<p>Ao mesmo tempo, o documento, faz uma aproxima\u00e7\u00e3o para a realidade da espiritualidade e demonstra que a realidade \u00e9 diversa, no entanto, uma caracter\u00edstica \u00e9 comum: ao querer buscar o senso da vida, os jovens fazem um grande apelo religioso, tem grande vontade de Deus, o que n\u00e3o pode ser desconsiderado; o desejo de Deus encontra sua satisfa\u00e7\u00e3o no encontro com Cristo Ressuscitado, os jovens, no fundo, gritam: queremos ver Jesus.<\/p>\n<p>Obrigado pela sua companhia, voltaremos no pr\u00f3ximo s\u00e1bado! Deus os aben\u00e7oe.<\/p>\n<\/div>\n<p class=\"title__separator\"><b>Por Padre Douglas de Freitas Ferreira&nbsp;<\/b><\/p>\n<div>&nbsp;<\/div>\n<div>Fonte: Vatican News<\/div>\n","protected":false},"excerpt":{"rendered":"<p>Caros amigos! O documento \u00e9 intenso e cheio de informa\u00e7\u00f5es. Muitas perguntas poderemos fazer e, esperamos, que na leitura pessoal e em comunidade consigamos boas conclus\u00f5es e a\u00e7\u00f5es que, movidas pelo Esp\u00edrito Santo, ajude a levar o evangelho de Cristo para o trabalho pastoral com os jovens. Caros amigos e amigas, ouvintes da R\u00e1dio Vaticano&nbsp;<\/p>\n<p><a class=\"btn btn-style\" href=\"http:\/\/portalcatolico.net\/portal\/do-sinodo-a-jmj-jesus-ouve-e-se-relaciona\/\">Continue Reading<\/a><\/p>\n","protected":false},"author":2,"featured_media":62153,"comment_status":"open","ping_status":"open","sticky":false,"template":"","format":"standard","meta":{"footnotes":""},"categories":[5],"tags":[],"class_list":["post-62152","post","type-post","status-publish","format-standard","has-post-thumbnail","hentry","category-igreja_no_mundo"],"_links":{"self":[{"href":"http:\/\/portalcatolico.net\/portal\/wp-json\/wp\/v2\/posts\/62152","targetHints":{"allow":["GET"]}}],"collection":[{"href":"http:\/\/portalcatolico.net\/portal\/wp-json\/wp\/v2\/posts"}],"about":[{"href":"http:\/\/portalcatolico.net\/portal\/wp-json\/wp\/v2\/types\/post"}],"author":[{"embeddable":true,"href":"http:\/\/portalcatolico.net\/portal\/wp-json\/wp\/v2\/users\/2"}],"replies":[{"embeddable":true,"href":"http:\/\/portalcatolico.net\/portal\/wp-json\/wp\/v2\/comments?post=62152"}],"version-history":[{"count":1,"href":"http:\/\/portalcatolico.net\/portal\/wp-json\/wp\/v2\/posts\/62152\/revisions"}],"predecessor-version":[{"id":62154,"href":"http:\/\/portalcatolico.net\/portal\/wp-json\/wp\/v2\/posts\/62152\/revisions\/62154"}],"wp:featuredmedia":[{"embeddable":true,"href":"http:\/\/portalcatolico.net\/portal\/wp-json\/wp\/v2\/media\/62153"}],"wp:attachment":[{"href":"http:\/\/portalcatolico.net\/portal\/wp-json\/wp\/v2\/media?parent=62152"}],"wp:term":[{"taxonomy":"category","embeddable":true,"href":"http:\/\/portalcatolico.net\/portal\/wp-json\/wp\/v2\/categories?post=62152"},{"taxonomy":"post_tag","embeddable":true,"href":"http:\/\/portalcatolico.net\/portal\/wp-json\/wp\/v2\/tags?post=62152"}],"curies":[{"name":"wp","href":"https:\/\/api.w.org\/{rel}","templated":true}]}}