{"id":62149,"date":"2018-11-24T09:42:25","date_gmt":"2018-11-24T12:42:25","guid":{"rendered":"http:\/\/portalcatolico.net\/portal\/?p=62149"},"modified":"2018-11-24T09:42:25","modified_gmt":"2018-11-24T12:42:25","slug":"bispo-de-cacador-sc-analisa-o-legado-deixado-pelo-ano-do-laicato","status":"publish","type":"post","link":"http:\/\/portalcatolico.net\/portal\/bispo-de-cacador-sc-analisa-o-legado-deixado-pelo-ano-do-laicato\/","title":{"rendered":"Bispo de Ca\u00e7ador (SC) analisa o legado deixado pelo Ano do Laicato"},"content":{"rendered":"<p>Presidente da Comiss\u00e3o Episcopal Pastoral para o Laicato da CNBB, Dom Frei Severino Clasen, em entrevista para a Can\u00e7\u00e3o Nova, destacou o legado deixado pelo Ano Nacional do Laicato &#8211; que ser\u00e1 encerrado neste domingo, 25 de novembro, Festa de Cristo Rei.<\/p>\n<p>Para Dom Clasen, este per\u00edodo ficou marcado pelo reconhecimento da miss\u00e3o do leigo dentro da Igreja e, principalmente, da miss\u00e3o do leigo no mundo. &#8220;Esse Ano Nacional do Laicato contribuiu significativamente para a compreens\u00e3o dos leigos sobre qual \u00e9 a sua miss\u00e3o dentro da Igreja, de participar das pastorais, movimentos e servi\u00e7os, mas principalmente, o de levar esse sentimento onde est\u00e3o, na fam\u00edlia, no trabalho, na escola, em todo lugar, fazendo com que o fermento e a alegria do evangelho contaminem o mundo todo&#8221;, afirmou o bispo.<\/p>\n<p>Em seguida, alertou os crist\u00e3os leigos para aquilo que ele chamou de o grande perigo dos dias atuais: &#8220;n\u00f3s temos o grande perigo nos dias de hoje de sermos crist\u00e3os apenas dentro da Igreja, onde n\u00f3s achamos que as nossas pr\u00f3prias convic\u00e7\u00f5es j\u00e1 resolvem e salvam tudo, isso entra em uma heresia chamada de agnosticismo e pelagianismo, onde n\u00f3s achamos que pelo nosso pr\u00f3prio esfor\u00e7o j\u00e1 resolvemos tudo. N\u00e3o \u00e9 assim, \u00e9 pela gra\u00e7a de Deus, \u00e9 a for\u00e7a de Deus agindo em n\u00f3s e, inspirados nisso, n\u00f3s transformamos o mundo&#8221;.<\/p>\n<p>O presidente da Comiss\u00e3o para o Laicato da CNBB ainda prosseguiu: &#8220;Jesus Cristo veio justamente, pela gra\u00e7a que a Ele confere, implantar o reino dos c\u00e9us. Ele convoca todos os batizados a serem instrumentos do Reino de Deus nesse mundo, onde estiverem. \u00c9 important\u00edssimo que haja essa participa\u00e7\u00e3o dos crist\u00e3os leigos e leigas na Igreja, mas n\u00e3o s\u00f3 na Igreja, mas onde estiverem no dia a dia, como Igreja, como povo eleito que faz parte do servi\u00e7o do an\u00fancio do evangelho. (&#8230;) Crescendo nessa vida eclesial, ou seja, de dentro da Igreja, \u00e9 preciso sair e ser Igreja em todo o espa\u00e7o&#8221;.<\/p>\n<p>Em meio a este Ano Nacional do Laicato, muitos avan\u00e7os no di\u00e1logo e conscientiza\u00e7\u00e3o dos leigos aconteceram, segundo o bispo de Ca\u00e7ador, que tamb\u00e9m apontou a conclus\u00e3o deste per\u00edodo intenso de atividades voltadas para o laicato como um ponto de partida. &#8220;\u00c9 preciso que os crist\u00e3os leigos e leigas possam crescer a partir deste Ano do Laicato, nesse exerc\u00edcio do cultivar-se, conhecer-se e conhecer ao outro, de crescimento na espiritualidade, e respeito m\u00fatuo, assim consegue-se alcan\u00e7ar a miss\u00e3o de ser sal da terra&#8221;, ressaltou.<\/p>\n<p>O prelado n\u00e3o deixou de comentar o valor do contato entre jovens e adultos no trabalho apost\u00f3lico da Igreja. &#8220;Os adultos tamb\u00e9m tem algo bom para contar aos jovens, contanto que n\u00e3o fiquemos com moralismo, com imposi\u00e7\u00f5es, mas sim com sensibilidade para que haja este envolvimento, esta compreens\u00e3o e simpatia para mostrar as coisas boas que n\u00f3s temos&#8221;.<\/p>\n<p>Sobre a Campanha da Fraternidade 2019, que tem como tema &#8220;Fraternidade e Pol\u00edticas P\u00fablicas&#8221; e o lema &#8220;Ser\u00e1s libertado pelo direito e pela justi\u00e7a&#8221; (Is 1, 27), na opini\u00e3o de Dom Severino, \u00e9 mais uma outra forma de incentivar a miss\u00e3o leiga no mundo. &#8220;\u00c9 preciso fazer tamb\u00e9m com que os leigos participem das decis\u00f5es daquilo que lhes compete, que lhes interessa, que lhes pertence, que lhes \u00e9 necess\u00e1rio para uma harmonia na sociedade, na governan\u00e7a da sociedade. A partir da cobran\u00e7a as injusti\u00e7as poder\u00e3o ser superadas e poderemos contar com a alegria e com a fraternidade vivida na Igreja&#8221;, concluiu.&nbsp;<\/p>\n<p>&nbsp;Com informa\u00e7\u00f5es da Can\u00e7\u00e3o Nova e Gaudium Press<\/p>\n","protected":false},"excerpt":{"rendered":"<p>Presidente da Comiss\u00e3o Episcopal Pastoral para o Laicato da CNBB, Dom Frei Severino Clasen, em entrevista para a Can\u00e7\u00e3o Nova, destacou o legado deixado pelo Ano Nacional do Laicato &#8211; que ser\u00e1 encerrado neste domingo, 25 de novembro, Festa de Cristo Rei. Para Dom Clasen, este per\u00edodo ficou marcado pelo reconhecimento da miss\u00e3o do leigo&nbsp;<\/p>\n<p><a class=\"btn btn-style\" href=\"http:\/\/portalcatolico.net\/portal\/bispo-de-cacador-sc-analisa-o-legado-deixado-pelo-ano-do-laicato\/\">Continue Reading<\/a><\/p>\n","protected":false},"author":2,"featured_media":62150,"comment_status":"open","ping_status":"open","sticky":false,"template":"","format":"standard","meta":{"footnotes":""},"categories":[65],"tags":[],"class_list":["post-62149","post","type-post","status-publish","format-standard","has-post-thumbnail","hentry","category-entrevistas"],"_links":{"self":[{"href":"http:\/\/portalcatolico.net\/portal\/wp-json\/wp\/v2\/posts\/62149","targetHints":{"allow":["GET"]}}],"collection":[{"href":"http:\/\/portalcatolico.net\/portal\/wp-json\/wp\/v2\/posts"}],"about":[{"href":"http:\/\/portalcatolico.net\/portal\/wp-json\/wp\/v2\/types\/post"}],"author":[{"embeddable":true,"href":"http:\/\/portalcatolico.net\/portal\/wp-json\/wp\/v2\/users\/2"}],"replies":[{"embeddable":true,"href":"http:\/\/portalcatolico.net\/portal\/wp-json\/wp\/v2\/comments?post=62149"}],"version-history":[{"count":1,"href":"http:\/\/portalcatolico.net\/portal\/wp-json\/wp\/v2\/posts\/62149\/revisions"}],"predecessor-version":[{"id":62151,"href":"http:\/\/portalcatolico.net\/portal\/wp-json\/wp\/v2\/posts\/62149\/revisions\/62151"}],"wp:featuredmedia":[{"embeddable":true,"href":"http:\/\/portalcatolico.net\/portal\/wp-json\/wp\/v2\/media\/62150"}],"wp:attachment":[{"href":"http:\/\/portalcatolico.net\/portal\/wp-json\/wp\/v2\/media?parent=62149"}],"wp:term":[{"taxonomy":"category","embeddable":true,"href":"http:\/\/portalcatolico.net\/portal\/wp-json\/wp\/v2\/categories?post=62149"},{"taxonomy":"post_tag","embeddable":true,"href":"http:\/\/portalcatolico.net\/portal\/wp-json\/wp\/v2\/tags?post=62149"}],"curies":[{"name":"wp","href":"https:\/\/api.w.org\/{rel}","templated":true}]}}