{"id":62146,"date":"2018-11-24T09:39:05","date_gmt":"2018-11-24T12:39:05","guid":{"rendered":"http:\/\/portalcatolico.net\/portal\/?p=62146"},"modified":"2018-11-24T09:39:05","modified_gmt":"2018-11-24T12:39:05","slug":"principio-etico-do-bem","status":"publish","type":"post","link":"http:\/\/portalcatolico.net\/portal\/principio-etico-do-bem\/","title":{"rendered":"Princ\u00edpio \u00e9tico do bem"},"content":{"rendered":"<p>Fazer sempre o bem. E fazer bem o que se faz. S\u00e3o esses os princ\u00edpios \u00e9ticos que devem orientar a vida de todos, para que flores\u00e7am as potencialidades sociais, pol\u00edticas e culturais da sociedade. A simplicidade desses princ\u00edpios tem for\u00e7a para operar transforma\u00e7\u00f5es e recompor a moralidade no tecido cultural, pois a cultura desprovida de moralidade conduz a sociedade rumo a fracassos. Acirra disputas predat\u00f3rias, acentua o desrespeito \u00e0s institui\u00e7\u00f5es.&nbsp; Produz destrui\u00e7\u00e3o pelas a\u00e7\u00f5es dos que se consideram \u201cos donos da verdade\u201d. Reconhecer o bem como princ\u00edpio \u00e9tico permite a cada indiv\u00edduo avaliar, prioritariamente, a pr\u00f3pria interioridade, ao inv\u00e9s de, sempre, julgar o outro. Estar atento ao pr\u00f3prio interior \u00e9 din\u00e2mica educativa indispens\u00e1vel.<\/p>\n<p>Fazer bem e promover o bem s\u00e3o atitudes que dependem do cuidado com a dimens\u00e3o interior, conquistando clareza de consci\u00eancia. \u00c9 preciso reconhecer o papel que se tem no mundo. Identificar tamb\u00e9m os par\u00e2metros ideol\u00f3gicos que moldam a pr\u00f3pria mentalidade, o que permite a cada pessoa fazer escolhas com mais lucidez. E todo cuidado \u00e9 pouco no sentido de evitar impor ao outro, ou mesmo a institui\u00e7\u00f5es, certas perspectivas que s\u00e3o apenas convic\u00e7\u00f5es pessoais, tra\u00e7os da pr\u00f3pria identidade, muitas vezes problem\u00e1ticos. Quem age sem observar esses princ\u00edpios distancia-se da tarefa de exercer nobre miss\u00e3o, prejudicando contextos pessoais, comunit\u00e1rios e institucionais.<\/p>\n<p>E \u00e9, especialmente, nas redes sociais que hoje se evidencia a necessidade de se cultivar o bem como princ\u00edpio \u00e9tico capaz de orientar todas as atitudes. O ambiente digital abre novas e bem-vindas possibilidades de intera\u00e7\u00e3o, mas, ao mesmo tempo, torna-se verdadeiro \u201ccampo de batalha\u201d. As recorrentes agress\u00f5es, cada vez mais presentes na internet, obscurecem o caminho da verdade, inviabilizando o bem. Com frequ\u00eancia, indiv\u00edduos assumem falsa autoridade, apresentam-se como detentores da verdade, e sentem-se no direito de proferir vereditos. Por\u00e9m, por serem incapazes de fazer distin\u00e7\u00f5es, promovem uma mistura que coloca, no mesmo quadrado, \u201covelhas, bois e carneiros\u201d, como se diz proverbialmente.<\/p>\n<p>H\u00e1 um agravante a ser considerado: para muitas pessoas, falta forma\u00e7\u00e3o human\u00edstica, \u00e9tica e espiritual. S\u00e3o necess\u00e1rios investimentos para corrigir essa car\u00eancia, para que todos possam oferecer contribui\u00e7\u00f5es relevantes \u00e0s institui\u00e7\u00f5es e ao mundo.&nbsp; Se essa necessidade n\u00e3o for reconhecida, continuar\u00e3o desvirtuados sentidos intoc\u00e1veis, no \u00e2mbito pol\u00edtico, cultural e, muito gravemente, no contexto religioso, que n\u00e3o pode se deixar corromper, justamente por ser refer\u00eancia para a \u00e9tica e a moralidade. Por isso mesmo, n\u00e3o basta apenas o grande volume de informa\u00e7\u00f5es que circula no planeta para construir um futuro melhor. \u00c9 fundamental dedicar aten\u00e7\u00e3o ao desenvolvimento cognitivo de cada indiv\u00edduo, cultivando o princ\u00edpio \u00e9tico que inspira todos a fazerem o bem &#8211; e a fazer bem o que fazem.<\/p>\n<p>O horizonte pluralista do contexto contempor\u00e2neo permite \u00e0 humanidade reconhecer e apontar para tudo, mas, ao mesmo tempo, n\u00e3o se comprometer com nada. Uma situa\u00e7\u00e3o que precisa ser superada, pois o princ\u00edpio \u00e9tico alicer\u00e7ado no bem convoca cada pessoa a tornar-se for\u00e7a transformadora que modela nova cultura. Essa cultura renovada, urgente, est\u00e1 exatamente na contram\u00e3o de escolhas bizarras que assombram a sociedade e deterioram boas pr\u00e1ticas. Passo decisivo para a requerida mudan\u00e7a \u00e9 promover sempre o bem, dedicando-se a cumprir adequadamente as pr\u00f3prias tarefas e responsabilidades.<\/p>\n<p>Ajuda a moldar novas pr\u00e1ticas e, consequentemente, constituir uma cultura renovada, deixar-se guiar por nobres princ\u00edpios: promover sempre o bem, e fazer bem o que se faz.&nbsp; N\u00e3o se deixar vencer pelo mal, mas vencer o mal com o bem. Reconhecer que \u00e9 bom ser bom. Saber que o bem se promove com o bem. Esses princ\u00edpios, se aprendidos, permitem superar o circuito vicioso formado por perversidades, inveja, incompreens\u00f5es, descompromisso com refer\u00eancias fundamentais.<\/p>\n<p>N\u00e3o se transforma a realidade buscando apenas os melhores \u00edndices da economia, nem s\u00f3 pela for\u00e7a da pol\u00edtica, ou pela influ\u00eancia de confiss\u00f5es religiosas. Urgente \u00e9 o despertar da consci\u00eancia cidad\u00e3 a partir do compromisso com a \u00e9tica. \u00c9 tempo de escrever, n\u00e3o em p\u00e1ginas de livros, mas no cora\u00e7\u00e3o humano, a gram\u00e1tica da lei moral. Uma atitude priorit\u00e1ria para conquistar o desenvolvimento integral e configurar uma qualificada cidadania.<\/p>\n<p>Foto:Divulga\u00e7\u00e3o<\/p>\n<p>Dom Walmor Oliveira de Azevedo&nbsp;<\/p>\n<p>Arcebispo metropolitano de Belo Horizonte (MG)<\/p>\n","protected":false},"excerpt":{"rendered":"<p>Fazer sempre o bem. E fazer bem o que se faz. S\u00e3o esses os princ\u00edpios \u00e9ticos que devem orientar a vida de todos, para que flores\u00e7am as potencialidades sociais, pol\u00edticas e culturais da sociedade. A simplicidade desses princ\u00edpios tem for\u00e7a para operar transforma\u00e7\u00f5es e recompor a moralidade no tecido cultural, pois a cultura desprovida de&nbsp;<\/p>\n<p><a class=\"btn btn-style\" href=\"http:\/\/portalcatolico.net\/portal\/principio-etico-do-bem\/\">Continue Reading<\/a><\/p>\n","protected":false},"author":2,"featured_media":62147,"comment_status":"open","ping_status":"open","sticky":false,"template":"","format":"standard","meta":{"footnotes":""},"categories":[69],"tags":[],"class_list":["post-62146","post","type-post","status-publish","format-standard","has-post-thumbnail","hentry","category-artigos"],"_links":{"self":[{"href":"http:\/\/portalcatolico.net\/portal\/wp-json\/wp\/v2\/posts\/62146","targetHints":{"allow":["GET"]}}],"collection":[{"href":"http:\/\/portalcatolico.net\/portal\/wp-json\/wp\/v2\/posts"}],"about":[{"href":"http:\/\/portalcatolico.net\/portal\/wp-json\/wp\/v2\/types\/post"}],"author":[{"embeddable":true,"href":"http:\/\/portalcatolico.net\/portal\/wp-json\/wp\/v2\/users\/2"}],"replies":[{"embeddable":true,"href":"http:\/\/portalcatolico.net\/portal\/wp-json\/wp\/v2\/comments?post=62146"}],"version-history":[{"count":1,"href":"http:\/\/portalcatolico.net\/portal\/wp-json\/wp\/v2\/posts\/62146\/revisions"}],"predecessor-version":[{"id":62148,"href":"http:\/\/portalcatolico.net\/portal\/wp-json\/wp\/v2\/posts\/62146\/revisions\/62148"}],"wp:featuredmedia":[{"embeddable":true,"href":"http:\/\/portalcatolico.net\/portal\/wp-json\/wp\/v2\/media\/62147"}],"wp:attachment":[{"href":"http:\/\/portalcatolico.net\/portal\/wp-json\/wp\/v2\/media?parent=62146"}],"wp:term":[{"taxonomy":"category","embeddable":true,"href":"http:\/\/portalcatolico.net\/portal\/wp-json\/wp\/v2\/categories?post=62146"},{"taxonomy":"post_tag","embeddable":true,"href":"http:\/\/portalcatolico.net\/portal\/wp-json\/wp\/v2\/tags?post=62146"}],"curies":[{"name":"wp","href":"https:\/\/api.w.org\/{rel}","templated":true}]}}