{"id":62142,"date":"2018-11-23T19:01:58","date_gmt":"2018-11-23T22:01:58","guid":{"rendered":"http:\/\/portalcatolico.net\/portal\/?p=62142"},"modified":"2018-11-23T22:02:31","modified_gmt":"2018-11-24T01:02:31","slug":"papa-envia-mensagem-em-video-a-verona-sejam-pessoas-livres","status":"publish","type":"post","link":"http:\/\/portalcatolico.net\/portal\/papa-envia-mensagem-em-video-a-verona-sejam-pessoas-livres\/","title":{"rendered":"Papa envia mensagem em v\u00eddeo a Verona: sejam pessoas livres!"},"content":{"rendered":"<div class=\"article__subTitle\">\n<p>Por ocasi\u00e3o da oitava edi\u00e7\u00e3o do Festival da Doutrina Social da Igreja que come\u00e7ou nesta quinta-feira (22), em Verona, na It\u00e1lia, o Papa Francisco enviou uma mensagem em v\u00eddeo e abordou tr\u00eas situa\u00e7\u00f5es em que n\u00e3o se pode correr o risco de perder a liberdade: na indig\u00eancia, no dom\u00ednio da tecnologia e na redu\u00e7\u00e3o do homem a consumidor.O Papa Francisco enviou uma mensagem em v\u00eddeo aos participantes do&nbsp;Festival da Doutrina Social&nbsp;que come\u00e7ou nesta quinta-feira (22), em Verona, na It\u00e1lia. Seguindo o tema do encontro, sobre \u201co risco da liberdade\u201d, o Pont\u00edfice convidou \u00e0 reflex\u00e3o desse caminho seguido por homens, mulheres, sociedade e civiliza\u00e7\u00e3o, um percurso muitas vezes desviado por \u201cguerras, injusti\u00e7as e viola\u00e7\u00f5es dos direitos humanos\u201d.<\/p>\n<p>O desejo de liberdade, \u201cque \u00e9 o grande presente de Deus \u00e0 Cria\u00e7\u00e3o\u201d, n\u00e3o pode perder o seu significado maior, disse o Papa: \u201ctodos juntos precisamos nos empenhar para eliminar aquilo que priva os homens e as mulheres do tesouro da liberdade\u201d, reencontrando aquele \u201csabor\u201d que sabe \u201cproteger a \u2018Casa Comum\u2019 que Deus nos deu\u201d.<\/p>\n<p><strong>Quando se corre o risco de perder a liberdade<\/strong><\/p>\n<p>O Papa Francisco, ent\u00e3o, citou tr\u00eas situa\u00e7\u00f5es em que n\u00e3o se pode correr o risco de perder a liberdade: a indig\u00eancia, o dom\u00ednio da tecnologia e a redu\u00e7\u00e3o do homem a consumidor.<\/p>\n<p>Partindo da primeira, a indig\u00eancia, o Pont\u00edfice alertou, novamente, para a cultura do descarte vivida por quem sofre as \u201cgrandes injusti\u00e7as\u201d do mundo. N\u00e3o \u00e9 somente um fen\u00f4meno de explora\u00e7\u00e3o e opress\u00e3o, disse o Papa, mas de pessoas \u201cexclu\u00eddas\u201d e rejeitadas, como \u201crestos\u201d de comida: \u201cse um homem ou uma mulher s\u00e3o reduzidas a \u2018resto\u2019, n\u00e3o s\u00f3 sentem os maus frutos da liberdade\u201d, como t\u00eam roubada a possibilidade de arriscar a pr\u00f3pria liberdade para si, para a fam\u00edlia e por uma vida digna.<\/p>\n<p>J\u00e1 o desenvolvimento tecnol\u00f3gico, segundo Francisco, \u00e9 outra situa\u00e7\u00e3o que influencia negativamente para se ter a experi\u00eancia da liberdade. Quando n\u00e3o \u00e9 acompanhado de \u201cresponsabilidade, valores e consci\u00eancia\u201d, acrescentou o Papa ao recordar palavras de Paulo VI da d\u00e9cada de 70, \u201ca absolutiza\u00e7\u00e3o da t\u00e9cnica pode se voltar contra o homem\u201d.<\/p>\n<p>A terceira situa\u00e7\u00e3o negativa, indicou Francisco, \u201c\u00e9 representada pela redu\u00e7\u00e3o do homem a mero consumidor\u201d. Nesse sentido, a liberdade de consumir \u00e9 uma \u201cilus\u00e3o\u201d ou nem \u00e9 considerada liberdade, porque a grande maioria n\u00e3o det\u00e9m o poder econ\u00f4mico: \u201c\u00e9 uma escravid\u00e3o, a experi\u00eancia quotidiana \u00e9 marcada pela resigna\u00e7\u00e3o, desconfian\u00e7a, medo e fechamento\u201d.<\/p>\n<p><strong>Ser livre \u00e9 desafio permanente<\/strong><\/p>\n<p>Embora possam existir esses desvios, todos temos o desejo de correr riscos para ter a pr\u00f3pria liberdade, disse o Papa, inclusive quem vive situa\u00e7\u00f5es de escravid\u00e3o e explora\u00e7\u00e3o. E o Festival de Verona, acrescentou ele, traz testemunhos que ajudam a ilustrar quem venceu essa realidade, com \u201cfor\u00e7a e esperan\u00e7a\u201d, em hist\u00f3rias em que se pode dizer: \u201csim, \u00e9 poss\u00edvel \u2018o risco da liberdade\u2019!\u201d.<\/p>\n<p>A verdadeira resposta \u00e0s diferentes formas de escravid\u00e3o, disse Francisco, vem de quem tem estilo de vida solid\u00e1rio e aberto, \u201cporque se movem como pessoas livres\u201d. Ser livre, comentou o Papa, \u201c\u00e9 um desafio permanente\u201d, d\u00e1 coragem, faz sonhar, cria esperan\u00e7a e cont\u00e9m \u201cuma for\u00e7a que mais forte que qualquer escravid\u00e3o. O mundo precisa de pessoas livres!\u201d.<\/p>\n<p><strong>Sejam pessoas livres!<\/strong><\/p>\n<p>Esse foi o desejo final do Papa Francisco aos participantes e volunt\u00e1rios do Festival de Verona que termina no domingo (25): que sejam pessoas livres e que n\u00e3o tenham medo de sujar as m\u00e3os para realizar o bem e ajudar quem precisa.<\/p>\n<\/div>\n<div>&nbsp;<\/div>\n<div class=\"article__subTitle\">Por Andressa Collet<\/div>\n<div class=\"title__separator\">&nbsp;<\/div>\n<div class=\"article__text\">\n<p>Fonte: Vatican News<\/p>\n<\/div>\n","protected":false},"excerpt":{"rendered":"<p>Por ocasi\u00e3o da oitava edi\u00e7\u00e3o do Festival da Doutrina Social da Igreja que come\u00e7ou nesta quinta-feira (22), em Verona, na It\u00e1lia, o Papa Francisco enviou uma mensagem em v\u00eddeo e abordou tr\u00eas situa\u00e7\u00f5es em que n\u00e3o se pode correr o risco de perder a liberdade: na indig\u00eancia, no dom\u00ednio da tecnologia e na redu\u00e7\u00e3o do&nbsp;<\/p>\n<p><a class=\"btn btn-style\" href=\"http:\/\/portalcatolico.net\/portal\/papa-envia-mensagem-em-video-a-verona-sejam-pessoas-livres\/\">Continue Reading<\/a><\/p>\n","protected":false},"author":2,"featured_media":62143,"comment_status":"open","ping_status":"open","sticky":false,"template":"","format":"standard","meta":{"footnotes":""},"categories":[5],"tags":[],"class_list":["post-62142","post","type-post","status-publish","format-standard","has-post-thumbnail","hentry","category-igreja_no_mundo"],"_links":{"self":[{"href":"http:\/\/portalcatolico.net\/portal\/wp-json\/wp\/v2\/posts\/62142","targetHints":{"allow":["GET"]}}],"collection":[{"href":"http:\/\/portalcatolico.net\/portal\/wp-json\/wp\/v2\/posts"}],"about":[{"href":"http:\/\/portalcatolico.net\/portal\/wp-json\/wp\/v2\/types\/post"}],"author":[{"embeddable":true,"href":"http:\/\/portalcatolico.net\/portal\/wp-json\/wp\/v2\/users\/2"}],"replies":[{"embeddable":true,"href":"http:\/\/portalcatolico.net\/portal\/wp-json\/wp\/v2\/comments?post=62142"}],"version-history":[{"count":2,"href":"http:\/\/portalcatolico.net\/portal\/wp-json\/wp\/v2\/posts\/62142\/revisions"}],"predecessor-version":[{"id":62145,"href":"http:\/\/portalcatolico.net\/portal\/wp-json\/wp\/v2\/posts\/62142\/revisions\/62145"}],"wp:featuredmedia":[{"embeddable":true,"href":"http:\/\/portalcatolico.net\/portal\/wp-json\/wp\/v2\/media\/62143"}],"wp:attachment":[{"href":"http:\/\/portalcatolico.net\/portal\/wp-json\/wp\/v2\/media?parent=62142"}],"wp:term":[{"taxonomy":"category","embeddable":true,"href":"http:\/\/portalcatolico.net\/portal\/wp-json\/wp\/v2\/categories?post=62142"},{"taxonomy":"post_tag","embeddable":true,"href":"http:\/\/portalcatolico.net\/portal\/wp-json\/wp\/v2\/tags?post=62142"}],"curies":[{"name":"wp","href":"https:\/\/api.w.org\/{rel}","templated":true}]}}