{"id":62137,"date":"2018-11-23T21:20:04","date_gmt":"2018-11-24T00:20:04","guid":{"rendered":"http:\/\/portalcatolico.net\/portal\/?p=62137"},"modified":"2018-11-23T21:28:03","modified_gmt":"2018-11-24T00:28:03","slug":"pastoral-da-catequese-tem-nova-coordenacao-em-paroquia-de-itabuna","status":"publish","type":"post","link":"http:\/\/portalcatolico.net\/portal\/pastoral-da-catequese-tem-nova-coordenacao-em-paroquia-de-itabuna\/","title":{"rendered":"Pastoral da Catequese tem nova coordena\u00e7\u00e3o em par\u00f3quia de Itabuna"},"content":{"rendered":"<p style=\"font-weight: 400;\">Foi realizada nesta sexta-feira, 23 de novembro, a escolha da nova&nbsp;coordena\u00e7\u00e3o da Pastoral da Catequese da&nbsp; Par\u00f3quia Santa Rita de C\u00e1ssia&nbsp;na Diocese de Itabuna, no sul da Bahia.<\/p>\n<p style=\"font-weight: 400;\">&nbsp;A Assembleia aconteceu na&nbsp;Comunidade de Nossa Senhora de Lourdes, no bairro Fonseca e reuniu&nbsp;catequistas das quatro comunidades e da igreja matriz.<br \/>\nAp\u00f3s muito discernimento, os catequistas presentes elegeram como nova coordenadora, Maria Anast\u00e1cia O. Souza Cunha e no cargo de&nbsp; vice-coordenadora, Thamires Martins.&nbsp;<\/p>\n<p style=\"font-weight: 400;\">A reuni\u00e3o teve in\u00edcio \u00e0s&nbsp;19h10 com a presen\u00e7a de dezenove membros da Pastoral.<\/p>\n<p style=\"font-weight: 400;\">A coordena\u00e7\u00e3o ir\u00e3o desempenhar atividades pelos pr\u00f3ximos dois anos.<\/p>\n<p style=\"font-weight: 400;\">A equipe ficou assim:<\/p>\n<p style=\"font-weight: 400;\">Coordenadora: Maria Anast\u00e1cia O.Souza Cunha (Kica)&nbsp;<br \/>\nVice-coordenadora: Thamires&nbsp; Martins S. Pitombo<\/p>\n<p>Foto:Acervo\/Portal Cat\u00f3lico<\/p>\n","protected":false},"excerpt":{"rendered":"<p>Foi realizada nesta sexta-feira, 23 de novembro, a escolha da nova&nbsp;coordena\u00e7\u00e3o da Pastoral da Catequese da&nbsp; Par\u00f3quia Santa Rita de C\u00e1ssia&nbsp;na Diocese de Itabuna, no sul da Bahia. &nbsp;A Assembleia aconteceu na&nbsp;Comunidade de Nossa Senhora de Lourdes, no bairro Fonseca e reuniu&nbsp;catequistas das quatro comunidades e da igreja matriz. Ap\u00f3s muito discernimento, os catequistas presentes&nbsp;<\/p>\n<p><a class=\"btn btn-style\" href=\"http:\/\/portalcatolico.net\/portal\/pastoral-da-catequese-tem-nova-coordenacao-em-paroquia-de-itabuna\/\">Continue Reading<\/a><\/p>\n","protected":false},"author":2,"featured_media":62138,"comment_status":"open","ping_status":"open","sticky":false,"template":"","format":"standard","meta":{"footnotes":""},"categories":[4],"tags":[],"class_list":["post-62137","post","type-post","status-publish","format-standard","has-post-thumbnail","hentry","category-destaques"],"_links":{"self":[{"href":"http:\/\/portalcatolico.net\/portal\/wp-json\/wp\/v2\/posts\/62137","targetHints":{"allow":["GET"]}}],"collection":[{"href":"http:\/\/portalcatolico.net\/portal\/wp-json\/wp\/v2\/posts"}],"about":[{"href":"http:\/\/portalcatolico.net\/portal\/wp-json\/wp\/v2\/types\/post"}],"author":[{"embeddable":true,"href":"http:\/\/portalcatolico.net\/portal\/wp-json\/wp\/v2\/users\/2"}],"replies":[{"embeddable":true,"href":"http:\/\/portalcatolico.net\/portal\/wp-json\/wp\/v2\/comments?post=62137"}],"version-history":[{"count":3,"href":"http:\/\/portalcatolico.net\/portal\/wp-json\/wp\/v2\/posts\/62137\/revisions"}],"predecessor-version":[{"id":62141,"href":"http:\/\/portalcatolico.net\/portal\/wp-json\/wp\/v2\/posts\/62137\/revisions\/62141"}],"wp:featuredmedia":[{"embeddable":true,"href":"http:\/\/portalcatolico.net\/portal\/wp-json\/wp\/v2\/media\/62138"}],"wp:attachment":[{"href":"http:\/\/portalcatolico.net\/portal\/wp-json\/wp\/v2\/media?parent=62137"}],"wp:term":[{"taxonomy":"category","embeddable":true,"href":"http:\/\/portalcatolico.net\/portal\/wp-json\/wp\/v2\/categories?post=62137"},{"taxonomy":"post_tag","embeddable":true,"href":"http:\/\/portalcatolico.net\/portal\/wp-json\/wp\/v2\/tags?post=62137"}],"curies":[{"name":"wp","href":"https:\/\/api.w.org\/{rel}","templated":true}]}}