{"id":62134,"date":"2018-11-23T06:07:33","date_gmt":"2018-11-23T09:07:33","guid":{"rendered":"http:\/\/portalcatolico.net\/portal\/?p=62134"},"modified":"2018-11-23T06:07:33","modified_gmt":"2018-11-23T09:07:33","slug":"juventude-da-paroquia-sagrada-familia-realizara-trilha-no-parque-do-abaete","status":"publish","type":"post","link":"http:\/\/portalcatolico.net\/portal\/juventude-da-paroquia-sagrada-familia-realizara-trilha-no-parque-do-abaete\/","title":{"rendered":"Juventude da Par\u00f3quia Sagrada Fam\u00edlia realizar\u00e1 trilha no Parque do Abaet\u00e9"},"content":{"rendered":"<p>Com o objetivo de proporcionar \u00e0s pessoas um encontro com a pessoa de Jesus Cristo por meio da ludicidade e interatividade, a Par\u00f3quia Sagrada Fam\u00edlia, atrav\u00e9s da Pastoral Juvenil, realizar\u00e1 no dia 24 de novembro (s\u00e1bado) uma trilha ecol\u00f3gica no Parque Metropolitano do Abaet\u00e9, localizado no bairro de Itapu\u00e3.<\/p>\n<p>A Trilha Fidei ter\u00e1 in\u00edcio \u00e0s 7h, com a concentra\u00e7\u00e3o na \u00e1rea do anfiteatro do Parque, e contar\u00e1 com um percurso de 3 quil\u00f4metros, no qual ser\u00e3o realizados momentos de espiritualidade e atividades l\u00fadicas. A iniciativatamb\u00e9m pretende incentivar a pr\u00e1tica da atividade f\u00edsica e despertar nas pessoas a import\u00e2ncia da aten\u00e7\u00e3o e cuidado com o meio ambiente, em especial o Parque da Lagoa e Dunas do Abaet\u00e9.<\/p>\n<p>Para participar da Trilha \u00e9 necess\u00e1rio se preparar com uma alimenta\u00e7\u00e3o equilibrada antes da atividade, usar roupas leves, adequadas a uma caminhada, e se manter hidratado, sendo importante levar \u00e1gua para consumo durante o percurso.<\/p>\n<p><strong>O Parque Metropolitano do Abaet\u00e9<\/strong><\/p>\n<p>O Parque Metropolitano do Abaet\u00e9, situado no bairro de Itapu\u00e3, est\u00e1 inserido na APA (\u00c1rea de Prote\u00e7\u00e3o Ambiental da Lagoa e Dunas do Abaet\u00e9) e foi criado no dia 3 de setembro de 1993 para proteger do processo de degrada\u00e7\u00e3o ambiental, a partir da ocupa\u00e7\u00e3o predat\u00f3ria, um dos principais cart\u00f5es postais da cidade de Salvador.<\/p>\n<p>Montado sobre 225 hectares de \u00e1rea urbanizada, o Parque conta com vegeta\u00e7\u00e3o formada por esp\u00e9cies predominantemente nativas, que desempenham um papel fundamental na preserva\u00e7\u00e3o da fauna local.<\/p>\n<p>O Parque do Abaet\u00e9 abriga um dos \u00faltimos trechos remanescentes de dunas e restingas em \u00e1rea urbana do Brasil.<\/p>\n<p>Informa\u00e7\u00f5es:Arquidiocese de Salvador<\/p>\n","protected":false},"excerpt":{"rendered":"<p>Com o objetivo de proporcionar \u00e0s pessoas um encontro com a pessoa de Jesus Cristo por meio da ludicidade e interatividade, a Par\u00f3quia Sagrada Fam\u00edlia, atrav\u00e9s da Pastoral Juvenil, realizar\u00e1 no dia 24 de novembro (s\u00e1bado) uma trilha ecol\u00f3gica no Parque Metropolitano do Abaet\u00e9, localizado no bairro de Itapu\u00e3. A Trilha Fidei ter\u00e1 in\u00edcio \u00e0s&nbsp;<\/p>\n<p><a class=\"btn btn-style\" href=\"http:\/\/portalcatolico.net\/portal\/juventude-da-paroquia-sagrada-familia-realizara-trilha-no-parque-do-abaete\/\">Continue Reading<\/a><\/p>\n","protected":false},"author":2,"featured_media":62135,"comment_status":"open","ping_status":"open","sticky":false,"template":"","format":"standard","meta":{"footnotes":""},"categories":[1],"tags":[],"class_list":["post-62134","post","type-post","status-publish","format-standard","has-post-thumbnail","hentry","category-agenda"],"_links":{"self":[{"href":"http:\/\/portalcatolico.net\/portal\/wp-json\/wp\/v2\/posts\/62134","targetHints":{"allow":["GET"]}}],"collection":[{"href":"http:\/\/portalcatolico.net\/portal\/wp-json\/wp\/v2\/posts"}],"about":[{"href":"http:\/\/portalcatolico.net\/portal\/wp-json\/wp\/v2\/types\/post"}],"author":[{"embeddable":true,"href":"http:\/\/portalcatolico.net\/portal\/wp-json\/wp\/v2\/users\/2"}],"replies":[{"embeddable":true,"href":"http:\/\/portalcatolico.net\/portal\/wp-json\/wp\/v2\/comments?post=62134"}],"version-history":[{"count":1,"href":"http:\/\/portalcatolico.net\/portal\/wp-json\/wp\/v2\/posts\/62134\/revisions"}],"predecessor-version":[{"id":62136,"href":"http:\/\/portalcatolico.net\/portal\/wp-json\/wp\/v2\/posts\/62134\/revisions\/62136"}],"wp:featuredmedia":[{"embeddable":true,"href":"http:\/\/portalcatolico.net\/portal\/wp-json\/wp\/v2\/media\/62135"}],"wp:attachment":[{"href":"http:\/\/portalcatolico.net\/portal\/wp-json\/wp\/v2\/media?parent=62134"}],"wp:term":[{"taxonomy":"category","embeddable":true,"href":"http:\/\/portalcatolico.net\/portal\/wp-json\/wp\/v2\/categories?post=62134"},{"taxonomy":"post_tag","embeddable":true,"href":"http:\/\/portalcatolico.net\/portal\/wp-json\/wp\/v2\/tags?post=62134"}],"curies":[{"name":"wp","href":"https:\/\/api.w.org\/{rel}","templated":true}]}}