{"id":62129,"date":"2018-11-22T21:49:41","date_gmt":"2018-11-23T00:49:41","guid":{"rendered":"http:\/\/portalcatolico.net\/portal\/?p=62129"},"modified":"2018-11-22T21:51:45","modified_gmt":"2018-11-23T00:51:45","slug":"i-sopro-da-vida-acontece-neste-fim-de-semana-em-itabuna-participe","status":"publish","type":"post","link":"http:\/\/portalcatolico.net\/portal\/i-sopro-da-vida-acontece-neste-fim-de-semana-em-itabuna-participe\/","title":{"rendered":"&#8220;I Sopro da Vida&#8221; acontece neste fim de semana em Itabuna. Participe!"},"content":{"rendered":"<p style=\"font-weight: 400;\">O I Sopro da Vida que est\u00e1 sendo organizado pelo O Grupo de Ora\u00e7\u00e3o&nbsp;S\u00e3o Miguel Arcanjo da Par\u00f3quia Nossa Senhora de F\u00e1tima em Itabuna&nbsp;(BA),ser\u00e1 realizado neste fim de semana, nos&nbsp; dias 24 e 25 de novembro, no&nbsp;Centro Pastoral da Par\u00f3quia.Com inicio no s\u00e1bado,\u00e1s 13h.<\/p>\n<p style=\"font-weight: 400;\">O tema central do evento \u00e9: &#8220;Eis que estou&nbsp;\u00e0 porta e bato&#8221;.<\/p>\n<p style=\"font-weight: 400;\">Ser\u00e3o dois dias com m\u00fasica, louvor, ora\u00e7\u00e3o por cura e&nbsp;liberta\u00e7\u00e3o, adora\u00e7\u00e3o, missa, prega\u00e7\u00e3o, espa\u00e7o para as crian\u00e7as filhos&nbsp;dos participantes, entre outros momentos de evangeliza\u00e7\u00e3o.<\/p>\n<p>O evento j\u00e1 tem as presen\u00e7as confirmadas dos padres: Pe. Tony Val\u00e9rio (par\u00f3quia&nbsp;Santa Maria Madalena), Pe. Ezequias Gon\u00e7alves (par\u00f3quia Nossa Senhora&nbsp;Aparecida), o Pe.&nbsp;Monsenhor&nbsp; Nicolau Klak (p\u00e1roco da igreja matriz de Nossa Senhora de F\u00e1tima). O bispo da Diocese de Itabuna, Dom Carlos&nbsp;Alberto dos Santos, presidir\u00e1 a santa missa das 11h, no domingo..<br \/>\nTamb\u00e9m estar\u00e3o presentes: o presidente da Renova\u00e7\u00e3o Carism\u00e1tica Cat\u00f3lica da Diocese de Itabuna,&nbsp;Alexsandro Nonato; o Coordenador Diocesano de Forma\u00e7\u00e3o da RCC Diocese de&nbsp;Itabuna, Amistron Lira;&nbsp; Alexnei Freitas da Arquidiocese de Feira de&nbsp;Santana e a Comunidade de Alian\u00e7a Filhos de Israel Diocese de Itabuna,&nbsp;al\u00e9m dos Minist\u00e9rios de M\u00fasica da RCC de outras par\u00f3quias.<\/p>\n<p>As inscri\u00e7\u00f5es podem ser feitas na secretaria da par\u00f3quia, no telefone (73) 3212-2635&nbsp;ou com servos do Grupo Ora\u00e7\u00e3o S\u00e3o Miguel, no dia do evento.<\/p>\n<p style=\"font-weight: 400;\">A organiza\u00e7\u00e3o \u00e9 do Grupo de Ora\u00e7\u00e3o S\u00e3o Miguel Arcanjo, com o apoio da&nbsp;Par\u00f3quia Nossa Senhora de F\u00e1tima, situada na Avenida Juraci Magalh\u00e3es,&nbsp;801, situada no bairro de F\u00e1tima&nbsp; na Diocese e cidade de Itabuna, no sul&nbsp;da Bahia.<\/p>\n<p>Os organizadores&nbsp; do evento, Pedro e F\u00e1tima, concedeu&nbsp;entrevistas aos apresentadores Orlando Cardoso e Silmara Souza do&nbsp;Programa 640 da R\u00e1dio Difusora de Itabuna,&nbsp; na manh\u00e3 desta quinta-feira,&nbsp;<br \/>\n(22), \u00e0s 8h.&nbsp;Na oportunidade, eles ratificaram a import\u00e2ncia de participar deste evento: &#8220;Participem deste retiro espiritual. Deste sopro. O Senhor tem pedido esse Encontro . H\u00e1 tr\u00eas anos n\u00f3s temos orado para que as pessoas entrem em sintonia com o Senhor. S\u00e3o tempos dif\u00edceis, aonde n\u00f3s necessitamos de toda a gra\u00e7a que ser\u00e1 derramada&#8221;, finalizou F\u00e1tima.<\/p>\n<p>Foto:Acervo\/Portal Cat\u00f3lico.Net<\/p>\n","protected":false},"excerpt":{"rendered":"<p>O I Sopro da Vida que est\u00e1 sendo organizado pelo O Grupo de Ora\u00e7\u00e3o&nbsp;S\u00e3o Miguel Arcanjo da Par\u00f3quia Nossa Senhora de F\u00e1tima em Itabuna&nbsp;(BA),ser\u00e1 realizado neste fim de semana, nos&nbsp; dias 24 e 25 de novembro, no&nbsp;Centro Pastoral da Par\u00f3quia.Com inicio no s\u00e1bado,\u00e1s 13h. O tema central do evento \u00e9: &#8220;Eis que estou&nbsp;\u00e0 porta e&nbsp;<\/p>\n<p><a class=\"btn btn-style\" href=\"http:\/\/portalcatolico.net\/portal\/i-sopro-da-vida-acontece-neste-fim-de-semana-em-itabuna-participe\/\">Continue Reading<\/a><\/p>\n","protected":false},"author":2,"featured_media":62130,"comment_status":"open","ping_status":"open","sticky":false,"template":"","format":"standard","meta":{"footnotes":""},"categories":[65],"tags":[],"class_list":["post-62129","post","type-post","status-publish","format-standard","has-post-thumbnail","hentry","category-entrevistas"],"_links":{"self":[{"href":"http:\/\/portalcatolico.net\/portal\/wp-json\/wp\/v2\/posts\/62129","targetHints":{"allow":["GET"]}}],"collection":[{"href":"http:\/\/portalcatolico.net\/portal\/wp-json\/wp\/v2\/posts"}],"about":[{"href":"http:\/\/portalcatolico.net\/portal\/wp-json\/wp\/v2\/types\/post"}],"author":[{"embeddable":true,"href":"http:\/\/portalcatolico.net\/portal\/wp-json\/wp\/v2\/users\/2"}],"replies":[{"embeddable":true,"href":"http:\/\/portalcatolico.net\/portal\/wp-json\/wp\/v2\/comments?post=62129"}],"version-history":[{"count":3,"href":"http:\/\/portalcatolico.net\/portal\/wp-json\/wp\/v2\/posts\/62129\/revisions"}],"predecessor-version":[{"id":62133,"href":"http:\/\/portalcatolico.net\/portal\/wp-json\/wp\/v2\/posts\/62129\/revisions\/62133"}],"wp:featuredmedia":[{"embeddable":true,"href":"http:\/\/portalcatolico.net\/portal\/wp-json\/wp\/v2\/media\/62130"}],"wp:attachment":[{"href":"http:\/\/portalcatolico.net\/portal\/wp-json\/wp\/v2\/media?parent=62129"}],"wp:term":[{"taxonomy":"category","embeddable":true,"href":"http:\/\/portalcatolico.net\/portal\/wp-json\/wp\/v2\/categories?post=62129"},{"taxonomy":"post_tag","embeddable":true,"href":"http:\/\/portalcatolico.net\/portal\/wp-json\/wp\/v2\/tags?post=62129"}],"curies":[{"name":"wp","href":"https:\/\/api.w.org\/{rel}","templated":true}]}}